{"id":1024,"date":"2021-07-27T17:04:00","date_gmt":"2021-07-27T15:04:00","guid":{"rendered":"http:\/\/finances.gov.bi\/?p=1024"},"modified":"2021-07-28T17:04:34","modified_gmt":"2021-07-28T15:04:34","slug":"preparation-du-caucus-africains-2021","status":"publish","type":"post","link":"https:\/\/finances.gov.bi\/index.php\/2021\/07\/27\/preparation-du-caucus-africains-2021\/","title":{"rendered":"Pr\u00e9paration du Caucus Africains 2021."},"content":{"rendered":"\n<p><strong>Dans le cadre de la pr\u00e9paration de la 58 \u00e8me Edition du Caucus Africain pr\u00e9vue en date du 03 au 05 Ao\u00fbt 2021, une r\u00e9union entre le comit\u00e9 d\u2019organisation du Caucus Africain 2021 &nbsp;et la d\u00e9l\u00e9gation &nbsp;de la Banque Mondiale &nbsp;en mission d\u2019\u00e9valuation au Burundi a \u00e9t\u00e9 tenue. Cette r\u00e9union a eu lieu ce mardi, 27 juillet 2021 \u00e0 Bujumbura dans les enceintes du Minist\u00e8re des Finances, du Budget et de la Planification Economique.<\/strong><\/p>\n\n\n\n<p>L\u2019objectif de la r\u00e9union \u00e9tait de s\u2019enqu\u00e9rir de l\u2019\u00e9tat des lieux des dispositions disponibles au pays h\u00f4te du Caucus pour le succ\u00e8s de cet \u00e9v\u00e8nement de haut niveau.<\/p>\n\n\n\n<p>Il s\u2019agissait \u00e9galement de faire l\u2019\u00e9valuation du niveau de pr\u00e9paration en cours ainsi que fournir un appui technique qui s\u2019av\u00e8rerait n\u00e9cessaire.<\/p>\n\n\n\n<p>Les participants \u00e0 cette r\u00e9union d\u2019\u00e9valuation se sont exprim\u00e9 satisfaits de l\u2019\u00e9tat des lieux &nbsp;des pr\u00e9parations et se sont engag\u00e9 de double d\u2019effort, chacun en ce qui lui a \u00e9t\u00e9 confi\u00e9&nbsp;; pour que le Caucus Africain connaisse un succ\u00e8s consid\u00e9rable.&nbsp;<\/p>\n","protected":false},"excerpt":{"rendered":"<p>Dans le cadre de la pr\u00e9paration de la 58 \u00e8me Edition du Caucus Africain pr\u00e9vue en date du 03 au<\/p>\n","protected":false},"author":1,"featured_media":1025,"comment_status":"closed","ping_status":"closed","sticky":false,"template":"","format":"standard","meta":[],"categories":[2],"tags":[],"post_folder":[],"_links":{"self":[{"href":"https:\/\/finances.gov.bi\/index.php\/wp-json\/wp\/v2\/posts\/1024"}],"collection":[{"href":"https:\/\/finances.gov.bi\/index.php\/wp-json\/wp\/v2\/posts"}],"about":[{"href":"https:\/\/finances.gov.bi\/index.php\/wp-json\/wp\/v2\/types\/post"}],"author":[{"embeddable":true,"href":"https:\/\/finances.gov.bi\/index.php\/wp-json\/wp\/v2\/users\/1"}],"replies":[{"embeddable":true,"href":"https:\/\/finances.gov.bi\/index.php\/wp-json\/wp\/v2\/comments?post=1024"}],"version-history":[{"count":1,"href":"https:\/\/finances.gov.bi\/index.php\/wp-json\/wp\/v2\/posts\/1024\/revisions"}],"predecessor-version":[{"id":1026,"href":"https:\/\/finances.gov.bi\/index.php\/wp-json\/wp\/v2\/posts\/1024\/revisions\/1026"}],"wp:featuredmedia":[{"embeddable":true,"href":"https:\/\/finances.gov.bi\/index.php\/wp-json\/wp\/v2\/media\/1025"}],"wp:attachment":[{"href":"https:\/\/finances.gov.bi\/index.php\/wp-json\/wp\/v2\/media?parent=1024"}],"wp:term":[{"taxonomy":"category","embeddable":true,"href":"https:\/\/finances.gov.bi\/index.php\/wp-json\/wp\/v2\/categories?post=1024"},{"taxonomy":"post_tag","embeddable":true,"href":"https:\/\/finances.gov.bi\/index.php\/wp-json\/wp\/v2\/tags?post=1024"},{"taxonomy":"post_folder","embeddable":true,"href":"https:\/\/finances.gov.bi\/index.php\/wp-json\/wp\/v2\/post_folder?post=1024"}],"curies":[{"name":"wp","href":"https:\/\/api.w.org\/{rel}","templated":true}]}}