{"id":1244,"date":"2021-09-16T19:04:00","date_gmt":"2021-09-16T17:04:00","guid":{"rendered":"http:\/\/finances.gov.bi\/?p=1244"},"modified":"2021-09-21T12:03:35","modified_gmt":"2021-09-21T10:03:35","slug":"decente-au-centre-regional-dapprentissage-de-jeunes-et-des-communautes-regroupees-en-cooperative","status":"publish","type":"post","link":"https:\/\/finances.gov.bi\/index.php\/2021\/09\/16\/decente-au-centre-regional-dapprentissage-de-jeunes-et-des-communautes-regroupees-en-cooperative\/","title":{"rendered":"Descente au centre r\u00e9gional d\u2019apprentissage des jeunes et des communaut\u00e9s regroup\u00e9es en coop\u00e9rative."},"content":{"rendered":"\n<p>En date du 15 septembre 2021, une visite au Centre R\u00e9gional d\u2019Apprentissage des  Jeunes et des Communaut\u00e9s regroup\u00e9es en Coop\u00e9rative a \u00e9t\u00e9 effectu\u00e9e par Son Excellence Monsieur le Ministre des Finances, du Budget et de la Planification Economique, en compagnie de son homologue le Ministre en charge des Infrastructures. Le but de cette visite \u00e9tait de s\u2019enqu\u00e9rir de l\u2019\u00e9tat d\u2019avancement des travaux de construction dudit centre. Il importe de signaler que ce centre est construit sur fonds propre de l\u2019Etat du Burundi.<\/p>\n\n\n\n<p>Le constat est que les activit\u00e9s de construction vont bon train. Nonobstant, les d\u00e9fis ne manquent pas. Il s\u2019agit entre autres des difficult\u00e9s li\u00e9es au retard de l\u2019approvisionnement en mat\u00e9riaux de construction, les conditions de travail des ouvriers qui ne sont pas stables notamment en termes de logement et de subsistance. Son Excellence Monsieur le Ministre en charge des finances les a interpel\u00e9s \u00e0 bien faire une bonne planification \u00a0d\u2019une part en mati\u00e8re des activit\u00e9s \u00e0 entreprendre pour que les travaux en cours soient achev\u00e9s et en \u00a0l\u2019approvisionnement en mat\u00e9riaux de construction, d\u2019autre part. Ils ont \u00e9t\u00e9 \u00e9galement exhort\u00e9s \u00e0 ne m\u00e9nager aucun effort dans l\u2019accomplissement des t\u00e2ches leur assign\u00e9es.<\/p>\n\n\n\n<div class=\"wp-block-image\"><figure class=\"aligncenter size-large\"><img fetchpriority=\"high\" decoding=\"async\" width=\"1024\" height=\"683\" src=\"https:\/\/finances.gov.bi\/wp-content\/uploads\/2021\/09\/IMG_3423-1024x683.jpg\" alt=\"\" class=\"wp-image-1261\" srcset=\"https:\/\/finances.gov.bi\/wp-content\/uploads\/2021\/09\/IMG_3423-1024x683.jpg 1024w, https:\/\/finances.gov.bi\/wp-content\/uploads\/2021\/09\/IMG_3423-300x200.jpg 300w, https:\/\/finances.gov.bi\/wp-content\/uploads\/2021\/09\/IMG_3423-768x512.jpg 768w, https:\/\/finances.gov.bi\/wp-content\/uploads\/2021\/09\/IMG_3423-1536x1024.jpg 1536w, https:\/\/finances.gov.bi\/wp-content\/uploads\/2021\/09\/IMG_3423-2048x1365.jpg 2048w\" sizes=\"(max-width: 1024px) 100vw, 1024px\" \/><\/figure><\/div>\n\n\n\n<p><\/p>\n","protected":false},"excerpt":{"rendered":"<p>En date du 15 septembre 2021, une visite au Centre R\u00e9gional d\u2019Apprentissage des Jeunes et des Communaut\u00e9s regroup\u00e9es en Coop\u00e9rative<\/p>\n","protected":false},"author":1,"featured_media":1246,"comment_status":"closed","ping_status":"closed","sticky":false,"template":"","format":"standard","meta":[],"categories":[2],"tags":[],"post_folder":[],"_links":{"self":[{"href":"https:\/\/finances.gov.bi\/index.php\/wp-json\/wp\/v2\/posts\/1244"}],"collection":[{"href":"https:\/\/finances.gov.bi\/index.php\/wp-json\/wp\/v2\/posts"}],"about":[{"href":"https:\/\/finances.gov.bi\/index.php\/wp-json\/wp\/v2\/types\/post"}],"author":[{"embeddable":true,"href":"https:\/\/finances.gov.bi\/index.php\/wp-json\/wp\/v2\/users\/1"}],"replies":[{"embeddable":true,"href":"https:\/\/finances.gov.bi\/index.php\/wp-json\/wp\/v2\/comments?post=1244"}],"version-history":[{"count":3,"href":"https:\/\/finances.gov.bi\/index.php\/wp-json\/wp\/v2\/posts\/1244\/revisions"}],"predecessor-version":[{"id":1262,"href":"https:\/\/finances.gov.bi\/index.php\/wp-json\/wp\/v2\/posts\/1244\/revisions\/1262"}],"wp:featuredmedia":[{"embeddable":true,"href":"https:\/\/finances.gov.bi\/index.php\/wp-json\/wp\/v2\/media\/1246"}],"wp:attachment":[{"href":"https:\/\/finances.gov.bi\/index.php\/wp-json\/wp\/v2\/media?parent=1244"}],"wp:term":[{"taxonomy":"category","embeddable":true,"href":"https:\/\/finances.gov.bi\/index.php\/wp-json\/wp\/v2\/categories?post=1244"},{"taxonomy":"post_tag","embeddable":true,"href":"https:\/\/finances.gov.bi\/index.php\/wp-json\/wp\/v2\/tags?post=1244"},{"taxonomy":"post_folder","embeddable":true,"href":"https:\/\/finances.gov.bi\/index.php\/wp-json\/wp\/v2\/post_folder?post=1244"}],"curies":[{"name":"wp","href":"https:\/\/api.w.org\/{rel}","templated":true}]}}