{"id":1291,"date":"2021-10-08T17:43:00","date_gmt":"2021-10-08T15:43:00","guid":{"rendered":"http:\/\/finances.gov.bi\/?p=1291"},"modified":"2021-10-12T11:32:57","modified_gmt":"2021-10-12T09:32:57","slug":"assemblees-annuelles-avec-le-vice-president-de-la-banque-mondiale-region-afrique","status":"publish","type":"post","link":"https:\/\/finances.gov.bi\/index.php\/2021\/10\/08\/assemblees-annuelles-avec-le-vice-president-de-la-banque-mondiale-region-afrique\/","title":{"rendered":"Assembl\u00e9es Annuelles du Groupe de la Banque Mondiale et du FMI."},"content":{"rendered":"\n<p>A l&#8217;occasion des Assembl\u00e9es Annuelles  du Groupe de la Banque Mondiale et du FMI  , Son Excellence Monsieur le Ministre des Finances, du Budget et de la Planification Economique s\u2019est entretenu, virtuellement, avec le Vice-Pr\u00e9sident de la Banque Mondiale R\u00e9gion Afrique, Monsieur Ghanem HAFEZ , le jeudi  7\/10\/2021.<\/p>\n\n\n\n<p>Dans son mot d\u2019introduction, Son Excellence le Ministre a salu\u00e9 la solide coop\u00e9ration entre le Gouvernement du Burundi et la Banque Mondiale. Il a \u00e9t\u00e9 indiqu\u00e9 que c\u2019est &nbsp;&nbsp;gr\u00e2ce au dialogue permanent et&nbsp; fructueux avec la mission r\u00e9sidente, ce qui a permis d\u2019avancer avec la pr\u00e9paration des&nbsp; projets&nbsp; en ligne avec les priorit\u00e9s du Gouvernements notamment&nbsp; le Projet d\u2019Appui aux Fondations de l\u2019Economie Num\u00e9rique (Digital), le Projet de r\u00e9silience des transports qui va int\u00e9grer l\u2019autoroute reliant la Capitale Economique et la Capitale Politique du pays, le Projet de riposte \u00e0 la Covid-19 qui a b\u00e9n\u00e9fici\u00e9 d\u2019un financement additionnel en vue de permettre la disponibilit\u00e9 des Vaccins au peuple burundais et aux \u00e9trangers vivant au Burundi.<\/p>\n\n\n\n<p>Au cours de cette s\u00e9ance, diff\u00e9rents sujets ont fait objet des pr\u00e9sentations notamment la situation du portefeuille de la BM au Burundi. Il a \u00e9t\u00e9 mentionn\u00e9 qu\u2019actuellementle portefeuille actif de la Banque Mondiale comprend 11 projets Nationaux et 2 projets R\u00e9gionaux.<\/p>\n\n\n\n<p>Les activit\u00e9s r\u00e9alis\u00e9es par ces projets portent essentiellement sur&nbsp;<strong>(i)<\/strong> la gestion durable de l\u2019environnement&nbsp;<strong>;(ii)<\/strong> l\u2019am\u00e9lioration des performances et de la collaboration dans le domaine de la sant\u00e9&nbsp;; <strong>(iii)<\/strong> le d\u00e9veloppement de l\u2019agriculture et l\u2019\u00e9levage et le renforcement de la s\u00e9curit\u00e9 alimentaire&nbsp;;(<strong>iv)<\/strong> le renforcement du syst\u00e8me \u00e9ducatif et l\u2019am\u00e9lioration de l\u2019offre de formation&nbsp;<strong>;(v)<\/strong> le d\u00e9veloppement des infrastructures de base (Energie, Transport et TIC)&nbsp;; <strong>(vi)<\/strong> la promotion de l\u2019emploi d\u00e9cent et de la jeunesse <strong>(vii)<\/strong> le d\u00e9veloppement du secteur de la protection sociale.<\/p>\n","protected":false},"excerpt":{"rendered":"<p>A l&#8217;occasion des Assembl\u00e9es Annuelles du Groupe de la Banque Mondiale et du FMI , Son Excellence Monsieur le Ministre<\/p>\n","protected":false},"author":1,"featured_media":1292,"comment_status":"closed","ping_status":"closed","sticky":false,"template":"","format":"standard","meta":[],"categories":[2],"tags":[],"post_folder":[],"_links":{"self":[{"href":"https:\/\/finances.gov.bi\/index.php\/wp-json\/wp\/v2\/posts\/1291"}],"collection":[{"href":"https:\/\/finances.gov.bi\/index.php\/wp-json\/wp\/v2\/posts"}],"about":[{"href":"https:\/\/finances.gov.bi\/index.php\/wp-json\/wp\/v2\/types\/post"}],"author":[{"embeddable":true,"href":"https:\/\/finances.gov.bi\/index.php\/wp-json\/wp\/v2\/users\/1"}],"replies":[{"embeddable":true,"href":"https:\/\/finances.gov.bi\/index.php\/wp-json\/wp\/v2\/comments?post=1291"}],"version-history":[{"count":2,"href":"https:\/\/finances.gov.bi\/index.php\/wp-json\/wp\/v2\/posts\/1291\/revisions"}],"predecessor-version":[{"id":1301,"href":"https:\/\/finances.gov.bi\/index.php\/wp-json\/wp\/v2\/posts\/1291\/revisions\/1301"}],"wp:featuredmedia":[{"embeddable":true,"href":"https:\/\/finances.gov.bi\/index.php\/wp-json\/wp\/v2\/media\/1292"}],"wp:attachment":[{"href":"https:\/\/finances.gov.bi\/index.php\/wp-json\/wp\/v2\/media?parent=1291"}],"wp:term":[{"taxonomy":"category","embeddable":true,"href":"https:\/\/finances.gov.bi\/index.php\/wp-json\/wp\/v2\/categories?post=1291"},{"taxonomy":"post_tag","embeddable":true,"href":"https:\/\/finances.gov.bi\/index.php\/wp-json\/wp\/v2\/tags?post=1291"},{"taxonomy":"post_folder","embeddable":true,"href":"https:\/\/finances.gov.bi\/index.php\/wp-json\/wp\/v2\/post_folder?post=1291"}],"curies":[{"name":"wp","href":"https:\/\/api.w.org\/{rel}","templated":true}]}}