{"id":1347,"date":"2021-11-17T09:33:00","date_gmt":"2021-11-17T08:33:00","guid":{"rendered":"http:\/\/finances.gov.bi\/?p=1347"},"modified":"2021-11-22T13:27:14","modified_gmt":"2021-11-22T12:27:14","slug":"entretien-avec-la-directrice-generale-pour-lafrique-de-lest-du-groupe-de-la-bad","status":"publish","type":"post","link":"https:\/\/finances.gov.bi\/index.php\/2021\/11\/17\/entretien-avec-la-directrice-generale-pour-lafrique-de-lest-du-groupe-de-la-bad\/","title":{"rendered":"Entretien avec la Directrice G\u00e9n\u00e9rale pour l\u2019Afrique de l\u2019Est du Groupe de la BAD"},"content":{"rendered":"\n<p>Son Excellence Monsieur le Ministre des Finances, du Budget et de la Planification Economique en compagnie de son homologue le Ministre ayant l\u2019Energie dans ses attributions a re\u00e7u en audience, Madame Nnenna MWABUFO&nbsp;; Directrice G\u00e9n\u00e9rale pour l\u2019Afrique de l\u2019Est du Groupe de la Banque Africaine de D\u00e9veloppement (BAD)&nbsp;; ce mardi 16 novembre 2021.&nbsp;L\u2019objectif de cette audience portait sur l\u2019entretien sur la coop\u00e9ration entre le Burundi et la BAD&nbsp;et sur la signature de deux protocoles d\u2019accord de dons pour le projet d\u2019acc\u00e8s \u00e0 l\u2019\u00e9nergie, phase 1.<\/p>\n\n\n\n<p>Madame MWABUFO a salu\u00e9 la bonne coop\u00e9ration entre la BAD et le Gouvernement du Burundi. Elle a poursuivi son propos en mentionnant que ce projet cadre avec les priorit\u00e9s \u00e9nonc\u00e9es dans le Plan National de D\u00e9veloppement du Burundi (PND) 2018-2027, et qu\u2019il s\u2019aligne \u00e9galement \u00e0 la strat\u00e9gie de la BAD ayant pour objectif principal d\u2019atteindre le seuil universel de l\u2019\u00e9lectricit\u00e9 en Afrique afin d\u2019am\u00e9liorer la qualit\u00e9 de vie de la population.<\/p>\n\n\n\n<p>A ce sujet, il a \u00e9t\u00e9 indiqu\u00e9 les avantages qu\u2019apporteront ce projet d\u2019accord notamment l\u2019approvisionnement en \u00e9nergie pour des infrastructures sociaux \u00e9conomiques qui auront acc\u00e8s \u00e0 l\u2019\u00e9nergie dont les \u00e9tablissements d\u2019enseignements et de formation, renforcer la s\u00e9curit\u00e9 gr\u00e2ce \u00e0 l\u2019\u00e9clairage public, d\u00e9velopper des activit\u00e9s g\u00e9n\u00e9ratrices de revenus pour les entreprises locales ce qui permettra de cr\u00e9er de l\u2019emploi dont une partie non n\u00e9gligeable sera r\u00e9serv\u00e9 aux femmes.<\/p>\n\n\n\n<p>Son Excellence Monsieur le Ministre des Finances, du Budget et de la Planification Economique a r\u00e9it\u00e9r\u00e9 ses sinc\u00e8res remerciements \u00e0 l\u2019endroit de la BAD qui ne cesse d\u2019appuyer les initiatives du Burundi pour une \u00e9conomie durable. Car, \u00e0 ce projet d\u2019acc\u00e8s en \u00e9nergie s\u2019ajoutent six (6) autres projets en cours d\u2019ex\u00e9cution dans le secteur de l\u2019\u00e9nergie se focalisant sur la distribution et l\u2019acc\u00e8s de l\u2019\u00e9lectricit\u00e9 des m\u00e9nages et des entreprises. Il y a \u00e9galement d\u2019autres secteurs dans lesquels la BAD intervient au Burundi notamment l\u2019\u00e9ducation et les infrastructures durables. De ce fait un autre point non moins important a fait objet des \u00e9changes de ces deux personnalit\u00e9s dont l\u2019\u00e9tat d\u2019avancement desdits projets pour analyser et contourner les d\u00e9fis li\u00e9s \u00e0 leur mise en \u0153uvre.<\/p>\n\n\n\n<p>L\u2019audience a \u00e9t\u00e9 cl\u00f4tur\u00e9e par un message d\u2019encouragement \u00e0 l\u2019endroit des \u00e9quipes de mise en \u0153uvre de ce projet en manifestant la volont\u00e9 du Gouvernement du Burundi et de la BAD \u00e0 appuyer la REGIDESO pour une mise en \u0153uvre efficace de ce dernier.&nbsp;<\/p>\n","protected":false},"excerpt":{"rendered":"<p>Son Excellence Monsieur le Ministre des Finances, du Budget et de la Planification Economique en compagnie de son homologue le<\/p>\n","protected":false},"author":2,"featured_media":1348,"comment_status":"closed","ping_status":"closed","sticky":false,"template":"","format":"standard","meta":[],"categories":[2],"tags":[],"post_folder":[],"_links":{"self":[{"href":"https:\/\/finances.gov.bi\/index.php\/wp-json\/wp\/v2\/posts\/1347"}],"collection":[{"href":"https:\/\/finances.gov.bi\/index.php\/wp-json\/wp\/v2\/posts"}],"about":[{"href":"https:\/\/finances.gov.bi\/index.php\/wp-json\/wp\/v2\/types\/post"}],"author":[{"embeddable":true,"href":"https:\/\/finances.gov.bi\/index.php\/wp-json\/wp\/v2\/users\/2"}],"replies":[{"embeddable":true,"href":"https:\/\/finances.gov.bi\/index.php\/wp-json\/wp\/v2\/comments?post=1347"}],"version-history":[{"count":2,"href":"https:\/\/finances.gov.bi\/index.php\/wp-json\/wp\/v2\/posts\/1347\/revisions"}],"predecessor-version":[{"id":1358,"href":"https:\/\/finances.gov.bi\/index.php\/wp-json\/wp\/v2\/posts\/1347\/revisions\/1358"}],"wp:featuredmedia":[{"embeddable":true,"href":"https:\/\/finances.gov.bi\/index.php\/wp-json\/wp\/v2\/media\/1348"}],"wp:attachment":[{"href":"https:\/\/finances.gov.bi\/index.php\/wp-json\/wp\/v2\/media?parent=1347"}],"wp:term":[{"taxonomy":"category","embeddable":true,"href":"https:\/\/finances.gov.bi\/index.php\/wp-json\/wp\/v2\/categories?post=1347"},{"taxonomy":"post_tag","embeddable":true,"href":"https:\/\/finances.gov.bi\/index.php\/wp-json\/wp\/v2\/tags?post=1347"},{"taxonomy":"post_folder","embeddable":true,"href":"https:\/\/finances.gov.bi\/index.php\/wp-json\/wp\/v2\/post_folder?post=1347"}],"curies":[{"name":"wp","href":"https:\/\/api.w.org\/{rel}","templated":true}]}}