{"id":179,"date":"2020-12-04T15:48:00","date_gmt":"2020-12-04T14:48:00","guid":{"rendered":"http:\/\/finances.gov.bi\/?p=179"},"modified":"2021-01-28T09:19:23","modified_gmt":"2021-01-28T08:19:23","slug":"celebration-de-la-journee-du-contribuable-edition-2020","status":"publish","type":"post","link":"https:\/\/finances.gov.bi\/index.php\/2020\/12\/04\/celebration-de-la-journee-du-contribuable-edition-2020\/","title":{"rendered":"C\u00e9l\u00e9bration de la journ\u00e9e du contribuable : \u00c9dition 2020"},"content":{"rendered":"\n<p class=\"has-text-align-left\">Sous le Haut Patronage de Son Excellence Monsieur le Pr\u00e9sident de la R\u00e9publique du Burundi, le Ministre en charges des Finances, du Budget et de la Planification Economique a particip\u00e9 \u00e0 la 5\u00e8me \u00e9dition de la journ\u00e9e du contribuable, ce jeudi 3 d\u00e9cembre 2020 ; au stade KUGASAKA de Ngozi. C\u00e9l\u00e9br\u00e9e cette ann\u00e9e sous le th\u00e8me : \u201cDUSHIGIKIRE LETA MVYEYI LETA NKOZI MU GUTANGA NEZA AMAKORI N\u2019AMATAGISI\u2019\u2019, une semaine de la foire exposition ouvrant les portes aux diff\u00e9rents entrepreneurs et op\u00e9rateurs \u00e9comiques avait pr\u00e9c\u00e9d\u00e9 cette journ\u00e9e ainsi que des visites sur terrain par le Ministre des Finances, accompagn\u00e9 par le Commissaire G\u00e9n\u00e9ral de l\u2019OBR. Dans son mot d\u2019accueil, le Commissaire G\u00e9n\u00e9ral de l\u2019OBR, Honorable Audace NIYONZIMA ; a proc\u00e9d\u00e9 \u00e0 la pr\u00e9sentation des chiffres actuels repr\u00e9sentant l\u2019\u00e9largissement de l\u2019assiette fiscale. Il a \u00e9t\u00e9 indiqu\u00e9 que les ressources internes mobilis\u00e9es s\u2019accroient d\u2019ann\u00e9e en ann\u00e9e sans qu\u2019il y ait hausse des taxes comme la TVA. Le Ministre ayant les finances dans ses attributions a insist\u00e9 sur le potentiel du Burundi \u00e0 \u00eatre parmi les pays \u00e9mergents d\u2019ici 2027, comme transcrit dans le PND 2018-2027 en cours. <\/p>\n\n\n\n<div class=\"wp-block-image\"><figure class=\"alignleft size-large is-resized\"><img fetchpriority=\"high\" decoding=\"async\" src=\"https:\/\/finances.gov.bi\/wp-content\/uploads\/2020\/12\/OBR3-1024x683.jpg\" alt=\"\" class=\"wp-image-183\" width=\"360\" height=\"240\" srcset=\"https:\/\/finances.gov.bi\/wp-content\/uploads\/2020\/12\/OBR3-1024x683.jpg 1024w, https:\/\/finances.gov.bi\/wp-content\/uploads\/2020\/12\/OBR3-300x200.jpg 300w, https:\/\/finances.gov.bi\/wp-content\/uploads\/2020\/12\/OBR3-768x512.jpg 768w, https:\/\/finances.gov.bi\/wp-content\/uploads\/2020\/12\/OBR3.jpg 1200w\" sizes=\"(max-width: 360px) 100vw, 360px\" \/><\/figure><\/div>\n\n\n\n<p>Toutefois, les participants \u00e0 cette journ\u00e9e ont \u00e9t\u00e9 rappel\u00e9s que cela \u00e9manera des efforts et de l\u2019engagement de tout un chacun \u00e0 contribuer \u00e0 la croissance \u00e9conomique du pays. En effet, la foire exposition avait r\u00e9v\u00e9l\u00e9 la capacit\u00e9 d\u2019une \u00e9conomie bas\u00e9e sur la transformation ; par cons\u00e9quent, l\u2019augmentation de l\u2019effectif des nouveaux contribuables. Dans son discours de circonstances, Son Excellence Monsieur le Pr\u00e9sident de la R\u00e9publique est revenu sur le r\u00f4le important qu\u2019a jou\u00e9 et joue l\u2019OBR pour que le pays soit arriv\u00e9 au pas franchi. En effet, la capacit\u00e9 du Burundi \u00e0 survivre des ressources internes, sans toutefois trop charger la population est un acte louable, a mentionn\u00e9 Son Excellence Monsieur le Pr\u00e9sident de la R\u00e9publique. Ainsi, des troph\u00e9es et certificats ont \u00e9t\u00e9 d\u00e9cern\u00e9s aux meilleurs contribuables de l\u2019ann\u00e9e.<\/p>\n\n\n\n<figure class=\"wp-block-table\"><table><tbody><tr><td><img decoding=\"async\" src=\"https:\/\/finances.gov.bi\/wp-content\/uploads\/2020\/12\/OBR2-1024x683.jpg\" style=\"width: 1100px;\" alt=\"\">    <\/td><td><img decoding=\"async\" src=\"https:\/\/finances.gov.bi\/wp-content\/uploads\/2020\/12\/OBR1-1024x683.jpg\" alt=\"\" style=\"width: 1100px;\"><\/td><\/tr><\/tbody><\/table><\/figure>\n\n\n\n<p><\/p>\n","protected":false},"excerpt":{"rendered":"<p>Sous le Haut Patronage de Son Excellence Monsieur le Pr\u00e9sident de la R\u00e9publique du Burundi, le Ministre en charges des<\/p>\n","protected":false},"author":1,"featured_media":180,"comment_status":"closed","ping_status":"closed","sticky":false,"template":"","format":"standard","meta":[],"categories":[2],"tags":[],"post_folder":[],"_links":{"self":[{"href":"https:\/\/finances.gov.bi\/index.php\/wp-json\/wp\/v2\/posts\/179"}],"collection":[{"href":"https:\/\/finances.gov.bi\/index.php\/wp-json\/wp\/v2\/posts"}],"about":[{"href":"https:\/\/finances.gov.bi\/index.php\/wp-json\/wp\/v2\/types\/post"}],"author":[{"embeddable":true,"href":"https:\/\/finances.gov.bi\/index.php\/wp-json\/wp\/v2\/users\/1"}],"replies":[{"embeddable":true,"href":"https:\/\/finances.gov.bi\/index.php\/wp-json\/wp\/v2\/comments?post=179"}],"version-history":[{"count":3,"href":"https:\/\/finances.gov.bi\/index.php\/wp-json\/wp\/v2\/posts\/179\/revisions"}],"predecessor-version":[{"id":599,"href":"https:\/\/finances.gov.bi\/index.php\/wp-json\/wp\/v2\/posts\/179\/revisions\/599"}],"wp:featuredmedia":[{"embeddable":true,"href":"https:\/\/finances.gov.bi\/index.php\/wp-json\/wp\/v2\/media\/180"}],"wp:attachment":[{"href":"https:\/\/finances.gov.bi\/index.php\/wp-json\/wp\/v2\/media?parent=179"}],"wp:term":[{"taxonomy":"category","embeddable":true,"href":"https:\/\/finances.gov.bi\/index.php\/wp-json\/wp\/v2\/categories?post=179"},{"taxonomy":"post_tag","embeddable":true,"href":"https:\/\/finances.gov.bi\/index.php\/wp-json\/wp\/v2\/tags?post=179"},{"taxonomy":"post_folder","embeddable":true,"href":"https:\/\/finances.gov.bi\/index.php\/wp-json\/wp\/v2\/post_folder?post=179"}],"curies":[{"name":"wp","href":"https:\/\/api.w.org\/{rel}","templated":true}]}}