{"id":1973,"date":"2022-08-31T16:21:45","date_gmt":"2022-08-31T14:21:45","guid":{"rendered":"http:\/\/finances.gov.bi\/?p=1973"},"modified":"2022-08-31T16:21:46","modified_gmt":"2022-08-31T14:21:46","slug":"burundi-retraite-sur-lexecution-du-budget-de-letat-exercice-2022-2023","status":"publish","type":"post","link":"https:\/\/finances.gov.bi\/index.php\/2022\/08\/31\/burundi-retraite-sur-lexecution-du-budget-de-letat-exercice-2022-2023\/","title":{"rendered":"Burundi : Retraite sur l\u2019ex\u00e9cution du Budget de l\u2019Etat exercice 2022\/2023"},"content":{"rendered":"\n<p>Monsieur le Ministre des Finances, du Budget et de la Planification Economique a proc\u00e9d\u00e9 \u00e0 l\u2019ouverture d\u2019une retraite sur l\u2019ex\u00e9cution du Budget de l\u2019Etat, exercice 2022\/2023 le lundi 29 ao\u00fbt 2022. L\u2019activit\u00e9 a \u00e9t\u00e9 organis\u00e9e \u00e0 l\u2019endroit des Secr\u00e9taires Permanents, les Gestionnaires d\u00e9l\u00e9gu\u00e9s des Minist\u00e8res ou Institutions, les Contr\u00f4leurs des Engagements des D\u00e9penses (CED) rattach\u00e9s aupr\u00e8s des Minist\u00e8res et Institutions et s\u2019est d\u00e9roul\u00e9 \u00e0 l\u2019H\u00f4tel des Plateaux \u00e0 Ngozi.<\/p>\n\n\n\n<p>&nbsp;L\u2019objectif de cette session qui a dur\u00e9 3 jours \u00e9tait de mener une r\u00e9flexion sur la mani\u00e8re critique dont les gestionnaires de cr\u00e9dits et les CED ont rempli leurs missions et sur la fa\u00e7on dont chacun devra d\u00e9sormais s\u2019acquitter de ses fonctions pour contribuer personnellement ou collectivement \u00e0 la r\u00e9ussite de la mission du Gouvernement en g\u00e9n\u00e9ral et en ce qui concerne l\u2019ex\u00e9cution du budget en particulier.<\/p>\n\n\n\n<p>Le Gouvernement s\u2019est engag\u00e9 \u00e0 travailler dans la transparence et la communication avec les acteurs intervenant dans la gestion des finances publiques en vue de les amener \u00e0 s\u2019approprier tout le processus conduisant \u00e0 l\u2019\u00e9laboration et l\u2019ex\u00e9cution du budget de l\u2019Etat. Au cours de cette activit\u00e9 des diff\u00e9rents intervenants de la chaine de la d\u00e9pense publique ont \u00e9chang\u00e9 notamment sur les dispositions relatives \u00e0 l\u2019ex\u00e9cution du budget de l\u2019Etat 2022\/2023 ainsi que d\u2019autres r\u00e8gles et proc\u00e9dures \u00e0 suivre pour la bonne gestion des finances publiques.<\/p>\n\n\n\n<p>Pour l\u2019exercice 2022\/2023, le budget de l\u2019Etat est transitoire avec une budg\u00e9tisation ax\u00e9e sur le r\u00e9sultat. Les allocations budg\u00e9taires proviennent des programmes\/projets\/activit\u00e9s bien planifi\u00e9s dans les Plans de Travail et Budget Annuel (PTBA) pour pouvoir migrer totalement vers une budg\u00e9tisation en \u00ab&nbsp;mode programme&nbsp;\u00bb, \u00e0 partir de l\u2019exercice budg\u00e9taire 2023\/2024. Pour ce faire, tous les minist\u00e8res et institutions d\u00e9pensiers, les Administrations Personnalis\u00e9es de l\u2019Etat (APE), les Etablissements Publics \u00e0 caract\u00e8re administratifs (EPA), les Soci\u00e9t\u00e9s \u00e0 Participation Publique (SPP), les h\u00f4pitaux publics et toutes les communes du pays ont pr\u00e9par\u00e9 leurs pr\u00e9visions budg\u00e9taires en indiquant dans les PTBA les activit\u00e9s \u00e0 r\u00e9aliser et leurs indicateurs pour permettre le suivi et l\u2019\u00e9valuation des r\u00e9sultats \u00e0 l\u2019\u00e9ch\u00e9ance annuelle.<\/p>\n\n\n\n<p>Le Ministre ayant les Finances dans ses attributions a recommand\u00e9 diff\u00e9rents intervenants de travailler d\u2019arrache pieds dans la mise en \u0153uvre du Budget Programme afin d\u2019enregistrer de bons r\u00e9sultats. Pour conscientiser la population sur le Budget-Programme, ces enseignements vont progresser jusqu\u2019au niveau des communes annonce-t-il.<\/p>\n\n\n\n<figure class=\"wp-block-image size-large is-resized\"><img fetchpriority=\"high\" decoding=\"async\" src=\"https:\/\/finances.gov.bi\/wp-content\/uploads\/2022\/08\/IMG_7904-1024x683.jpg\" alt=\"\" class=\"wp-image-1975\" width=\"1140\" height=\"760\" srcset=\"https:\/\/finances.gov.bi\/wp-content\/uploads\/2022\/08\/IMG_7904-1024x683.jpg 1024w, https:\/\/finances.gov.bi\/wp-content\/uploads\/2022\/08\/IMG_7904-300x200.jpg 300w, https:\/\/finances.gov.bi\/wp-content\/uploads\/2022\/08\/IMG_7904-768x512.jpg 768w, https:\/\/finances.gov.bi\/wp-content\/uploads\/2022\/08\/IMG_7904-1536x1024.jpg 1536w, https:\/\/finances.gov.bi\/wp-content\/uploads\/2022\/08\/IMG_7904-2048x1365.jpg 2048w\" sizes=\"(max-width: 1140px) 100vw, 1140px\" \/><\/figure>\n","protected":false},"excerpt":{"rendered":"<p>Monsieur le Ministre des Finances, du Budget et de la Planification Economique a proc\u00e9d\u00e9 \u00e0 l\u2019ouverture d\u2019une retraite sur l\u2019ex\u00e9cution<\/p>\n","protected":false},"author":1,"featured_media":1974,"comment_status":"closed","ping_status":"closed","sticky":false,"template":"","format":"standard","meta":[],"categories":[2],"tags":[],"post_folder":[],"_links":{"self":[{"href":"https:\/\/finances.gov.bi\/index.php\/wp-json\/wp\/v2\/posts\/1973"}],"collection":[{"href":"https:\/\/finances.gov.bi\/index.php\/wp-json\/wp\/v2\/posts"}],"about":[{"href":"https:\/\/finances.gov.bi\/index.php\/wp-json\/wp\/v2\/types\/post"}],"author":[{"embeddable":true,"href":"https:\/\/finances.gov.bi\/index.php\/wp-json\/wp\/v2\/users\/1"}],"replies":[{"embeddable":true,"href":"https:\/\/finances.gov.bi\/index.php\/wp-json\/wp\/v2\/comments?post=1973"}],"version-history":[{"count":1,"href":"https:\/\/finances.gov.bi\/index.php\/wp-json\/wp\/v2\/posts\/1973\/revisions"}],"predecessor-version":[{"id":1976,"href":"https:\/\/finances.gov.bi\/index.php\/wp-json\/wp\/v2\/posts\/1973\/revisions\/1976"}],"wp:featuredmedia":[{"embeddable":true,"href":"https:\/\/finances.gov.bi\/index.php\/wp-json\/wp\/v2\/media\/1974"}],"wp:attachment":[{"href":"https:\/\/finances.gov.bi\/index.php\/wp-json\/wp\/v2\/media?parent=1973"}],"wp:term":[{"taxonomy":"category","embeddable":true,"href":"https:\/\/finances.gov.bi\/index.php\/wp-json\/wp\/v2\/categories?post=1973"},{"taxonomy":"post_tag","embeddable":true,"href":"https:\/\/finances.gov.bi\/index.php\/wp-json\/wp\/v2\/tags?post=1973"},{"taxonomy":"post_folder","embeddable":true,"href":"https:\/\/finances.gov.bi\/index.php\/wp-json\/wp\/v2\/post_folder?post=1973"}],"curies":[{"name":"wp","href":"https:\/\/api.w.org\/{rel}","templated":true}]}}