{"id":202,"date":"2020-10-09T16:25:00","date_gmt":"2020-10-09T14:25:00","guid":{"rendered":"http:\/\/finances.gov.bi\/?p=202"},"modified":"2020-12-18T11:17:57","modified_gmt":"2020-12-18T10:17:57","slug":"atelier-de-reflexion-sur-les-approches-de-lelaboration-dun-guide-national-de-planification-economique","status":"publish","type":"post","link":"https:\/\/finances.gov.bi\/index.php\/2020\/10\/09\/atelier-de-reflexion-sur-les-approches-de-lelaboration-dun-guide-national-de-planification-economique\/","title":{"rendered":"Atelier de r\u00e9flexion sur les approches de l\u2019\u00e9laboration d\u2019un guide national de planification \u00e9conomique"},"content":{"rendered":"\n<p>Le Minist\u00e8re des Finances, du Budget et de la Planification Economique a organis\u00e9 un atelier de r\u00e9flexion sur les approches de l\u2019\u00e9laboration du Guide National de planification \u00e9conomique \u00e0 l\u2019endroit des minist\u00e8res et institutions sectoriels&nbsp;; le jeudi 8\/10\/2020.&nbsp; Cet atelier a \u00e9t\u00e9 organis\u00e9 en vue de mettre en application les recommandations du Ministre en charge des finances lors d\u2019une retraite avec les Hauts Cadres de ce minist\u00e8re, qui a eu lieu les 28 et 29 septembre 2020 en Province de Karusi et au cours duquel un projet de canevas de ce Guide National de Planification Economique a \u00e9t\u00e9 propos\u00e9. Pourtant, au cours de cette retraite, il s\u2019est av\u00e9r\u00e9 n\u00e9cessaire d\u2019inclure toutes les propositions d\u2019autres parties prenantes afin d\u2019enrichir davantage ce canevas initialement \u00e9labor\u00e9. Les repr\u00e9sentants des minist\u00e8res sectoriels ont alors \u00e0 leur tour amen\u00e9 des id\u00e9es compl\u00e9mentaires pour la pertinence de ce document important. A l\u2019issue de cet atelier, il a \u00e9t\u00e9 recommand\u00e9 ce qui suit&nbsp;:<\/p>\n\n\n\n<ul><li>Finaliser l\u2019\u00e9laboration des strat\u00e9gies au niveau minist\u00e9riel et local pour faciliter l\u2019\u00e9valuation \u00e0 mi-parcours du PND&nbsp;;<\/li><li>Apres l\u2019\u00e9laboration du Guide National de Planification Economique, il faudrait actualiser le Guide pratique communal et le Guide de suivi-\u00e9valuation&nbsp;;<\/li><li>Finaliser l\u2019\u00e9laboration des Plans Communaux de D\u00e9veloppement Communautaire pour faciliter le suivi-\u00e9valuation du Plan National de D\u00e9veloppement (PND)&nbsp;;<\/li><li>Actualiser l\u2019outil de Cadre de D\u00e9penses \u00e0 Moyen Terme (CDMT) sectoriel devenu obsol\u00e8te depuis 2015.<\/li><\/ul>\n","protected":false},"excerpt":{"rendered":"<p>Le Minist\u00e8re des Finances, du Budget et de la Planification Economique a organis\u00e9 un atelier de r\u00e9flexion sur les approches<\/p>\n","protected":false},"author":1,"featured_media":203,"comment_status":"closed","ping_status":"closed","sticky":false,"template":"","format":"standard","meta":[],"categories":[2],"tags":[],"post_folder":[],"_links":{"self":[{"href":"https:\/\/finances.gov.bi\/index.php\/wp-json\/wp\/v2\/posts\/202"}],"collection":[{"href":"https:\/\/finances.gov.bi\/index.php\/wp-json\/wp\/v2\/posts"}],"about":[{"href":"https:\/\/finances.gov.bi\/index.php\/wp-json\/wp\/v2\/types\/post"}],"author":[{"embeddable":true,"href":"https:\/\/finances.gov.bi\/index.php\/wp-json\/wp\/v2\/users\/1"}],"replies":[{"embeddable":true,"href":"https:\/\/finances.gov.bi\/index.php\/wp-json\/wp\/v2\/comments?post=202"}],"version-history":[{"count":1,"href":"https:\/\/finances.gov.bi\/index.php\/wp-json\/wp\/v2\/posts\/202\/revisions"}],"predecessor-version":[{"id":204,"href":"https:\/\/finances.gov.bi\/index.php\/wp-json\/wp\/v2\/posts\/202\/revisions\/204"}],"wp:featuredmedia":[{"embeddable":true,"href":"https:\/\/finances.gov.bi\/index.php\/wp-json\/wp\/v2\/media\/203"}],"wp:attachment":[{"href":"https:\/\/finances.gov.bi\/index.php\/wp-json\/wp\/v2\/media?parent=202"}],"wp:term":[{"taxonomy":"category","embeddable":true,"href":"https:\/\/finances.gov.bi\/index.php\/wp-json\/wp\/v2\/categories?post=202"},{"taxonomy":"post_tag","embeddable":true,"href":"https:\/\/finances.gov.bi\/index.php\/wp-json\/wp\/v2\/tags?post=202"},{"taxonomy":"post_folder","embeddable":true,"href":"https:\/\/finances.gov.bi\/index.php\/wp-json\/wp\/v2\/post_folder?post=202"}],"curies":[{"name":"wp","href":"https:\/\/api.w.org\/{rel}","templated":true}]}}