{"id":205,"date":"2020-09-30T15:19:00","date_gmt":"2020-09-30T13:19:00","guid":{"rendered":"http:\/\/finances.gov.bi\/?p=205"},"modified":"2020-12-18T11:20:11","modified_gmt":"2020-12-18T10:20:11","slug":"retraite-de-reflexion-sur-lelaboration-du-guide-national-de-la-planification-economique","status":"publish","type":"post","link":"https:\/\/finances.gov.bi\/index.php\/2020\/09\/30\/retraite-de-reflexion-sur-lelaboration-du-guide-national-de-la-planification-economique\/","title":{"rendered":"Retraite de r\u00e9flexion sur l\u2019\u00e9laboration du guide national de la planification \u00e9conomique."},"content":{"rendered":"\n<p>Le Minist\u00e8re des Finances, du Budget et de la Planification Economique a organis\u00e9 une retraite \u00e0 l\u2019endroit des Hauts Cadres du Minist\u00e8re pour mener une r\u00e9flexion sur l\u2019\u00e9laboration du guide national de la planification \u00e9conomique les dates du 28 et 29 septembre 2020, en Province de Karusi. Il s\u2019agissait d\u2019une retraite pour \u00e9changer sur les diff\u00e9rentes composantes de cet important document en vue de mettre en place un guide adapt\u00e9 et pertinent dans l\u2019\u00e9laboration de tout projet et\/ou programme de d\u00e9veloppement en conformit\u00e9 avec le PND 2018-2027.<\/p>\n\n\n\n<p>Au cours de cette retraite, une structure de ce guide a \u00e9t\u00e9 propos\u00e9e mais il reste \u00e0 mener des adaptations et am\u00e9liorations qui seront \u00e9labor\u00e9es conjointement avec les minist\u00e8res sectoriels. A cet effet, le Minist\u00e8re ayant les finances dans ses attributions proc\u00e8dera \u00e0 des s\u00e9ances intensives d\u2019\u00e9changes \u00e0 l\u2019endroit des parties prenantes afin de recueillir des id\u00e9es compl\u00e9mentaires, n\u00e9cessaires pour que ce guide national tienne en consid\u00e9ration toutes les parties prenantes.<\/p>\n","protected":false},"excerpt":{"rendered":"<p>Le Minist\u00e8re des Finances, du Budget et de la Planification Economique a organis\u00e9 une retraite \u00e0 l\u2019endroit des Hauts Cadres<\/p>\n","protected":false},"author":1,"featured_media":206,"comment_status":"closed","ping_status":"closed","sticky":false,"template":"","format":"standard","meta":[],"categories":[2],"tags":[],"post_folder":[],"_links":{"self":[{"href":"https:\/\/finances.gov.bi\/index.php\/wp-json\/wp\/v2\/posts\/205"}],"collection":[{"href":"https:\/\/finances.gov.bi\/index.php\/wp-json\/wp\/v2\/posts"}],"about":[{"href":"https:\/\/finances.gov.bi\/index.php\/wp-json\/wp\/v2\/types\/post"}],"author":[{"embeddable":true,"href":"https:\/\/finances.gov.bi\/index.php\/wp-json\/wp\/v2\/users\/1"}],"replies":[{"embeddable":true,"href":"https:\/\/finances.gov.bi\/index.php\/wp-json\/wp\/v2\/comments?post=205"}],"version-history":[{"count":1,"href":"https:\/\/finances.gov.bi\/index.php\/wp-json\/wp\/v2\/posts\/205\/revisions"}],"predecessor-version":[{"id":207,"href":"https:\/\/finances.gov.bi\/index.php\/wp-json\/wp\/v2\/posts\/205\/revisions\/207"}],"wp:featuredmedia":[{"embeddable":true,"href":"https:\/\/finances.gov.bi\/index.php\/wp-json\/wp\/v2\/media\/206"}],"wp:attachment":[{"href":"https:\/\/finances.gov.bi\/index.php\/wp-json\/wp\/v2\/media?parent=205"}],"wp:term":[{"taxonomy":"category","embeddable":true,"href":"https:\/\/finances.gov.bi\/index.php\/wp-json\/wp\/v2\/categories?post=205"},{"taxonomy":"post_tag","embeddable":true,"href":"https:\/\/finances.gov.bi\/index.php\/wp-json\/wp\/v2\/tags?post=205"},{"taxonomy":"post_folder","embeddable":true,"href":"https:\/\/finances.gov.bi\/index.php\/wp-json\/wp\/v2\/post_folder?post=205"}],"curies":[{"name":"wp","href":"https:\/\/api.w.org\/{rel}","templated":true}]}}