{"id":2427,"date":"2022-11-23T11:28:42","date_gmt":"2022-11-23T10:28:42","guid":{"rendered":"https:\/\/finances.gov.bi\/?p=2427"},"modified":"2022-11-23T12:31:35","modified_gmt":"2022-11-23T11:31:35","slug":"comite-national-dorientation-du-recensement","status":"publish","type":"post","link":"https:\/\/finances.gov.bi\/index.php\/2022\/11\/23\/comite-national-dorientation-du-recensement\/","title":{"rendered":"Comit\u00e9 National d\u2019Orientation du Recensement"},"content":{"rendered":"<p>Le Ministre des Finances du Budget et de la Planification Economique a pris part ce mardi 22 novembre 2022 \u00e0 une r\u00e9union du Comit\u00e9 National d\u2019Orientation du Recensement (CNOR) tenue par Son Excellence Monsieur le Premier Ministre de la R\u00e9publique du Burundi. L\u2019objectif de cette r\u00e9union \u00e9tait d\u2019analyser l\u2019\u00e9tat des lieux des pr\u00e9paratifs et les prochaines \u00e9tapes. Il a \u00e9t\u00e9 pr\u00e9cis\u00e9 que le recensement proprement dit aura lieu au mois d\u2019aout \u00e0 septembre 2023 sous format num\u00e9rique.<\/p>\n<p><img fetchpriority=\"high\" decoding=\"async\" class=\" wp-image-2429 aligncenter\" src=\"https:\/\/finances.gov.bi\/wp-content\/uploads\/2022\/11\/IMG_3201-300x200.jpg\" alt=\"\" width=\"540\" height=\"360\" srcset=\"https:\/\/finances.gov.bi\/wp-content\/uploads\/2022\/11\/IMG_3201-300x200.jpg 300w, https:\/\/finances.gov.bi\/wp-content\/uploads\/2022\/11\/IMG_3201-1024x683.jpg 1024w, https:\/\/finances.gov.bi\/wp-content\/uploads\/2022\/11\/IMG_3201-768x512.jpg 768w, https:\/\/finances.gov.bi\/wp-content\/uploads\/2022\/11\/IMG_3201-1536x1024.jpg 1536w, https:\/\/finances.gov.bi\/wp-content\/uploads\/2022\/11\/IMG_3201-2048x1365.jpg 2048w\" sizes=\"(max-width: 540px) 100vw, 540px\" \/><\/p>\n","protected":false},"excerpt":{"rendered":"<p>Le Ministre des Finances du Budget et de la Planification Economique a pris part ce mardi 22 novembre 2022 \u00e0<\/p>\n","protected":false},"author":1,"featured_media":2428,"comment_status":"closed","ping_status":"closed","sticky":false,"template":"","format":"standard","meta":[],"categories":[2],"tags":[],"post_folder":[],"_links":{"self":[{"href":"https:\/\/finances.gov.bi\/index.php\/wp-json\/wp\/v2\/posts\/2427"}],"collection":[{"href":"https:\/\/finances.gov.bi\/index.php\/wp-json\/wp\/v2\/posts"}],"about":[{"href":"https:\/\/finances.gov.bi\/index.php\/wp-json\/wp\/v2\/types\/post"}],"author":[{"embeddable":true,"href":"https:\/\/finances.gov.bi\/index.php\/wp-json\/wp\/v2\/users\/1"}],"replies":[{"embeddable":true,"href":"https:\/\/finances.gov.bi\/index.php\/wp-json\/wp\/v2\/comments?post=2427"}],"version-history":[{"count":1,"href":"https:\/\/finances.gov.bi\/index.php\/wp-json\/wp\/v2\/posts\/2427\/revisions"}],"predecessor-version":[{"id":2430,"href":"https:\/\/finances.gov.bi\/index.php\/wp-json\/wp\/v2\/posts\/2427\/revisions\/2430"}],"wp:featuredmedia":[{"embeddable":true,"href":"https:\/\/finances.gov.bi\/index.php\/wp-json\/wp\/v2\/media\/2428"}],"wp:attachment":[{"href":"https:\/\/finances.gov.bi\/index.php\/wp-json\/wp\/v2\/media?parent=2427"}],"wp:term":[{"taxonomy":"category","embeddable":true,"href":"https:\/\/finances.gov.bi\/index.php\/wp-json\/wp\/v2\/categories?post=2427"},{"taxonomy":"post_tag","embeddable":true,"href":"https:\/\/finances.gov.bi\/index.php\/wp-json\/wp\/v2\/tags?post=2427"},{"taxonomy":"post_folder","embeddable":true,"href":"https:\/\/finances.gov.bi\/index.php\/wp-json\/wp\/v2\/post_folder?post=2427"}],"curies":[{"name":"wp","href":"https:\/\/api.w.org\/{rel}","templated":true}]}}