{"id":3571,"date":"2024-05-19T15:41:34","date_gmt":"2024-05-19T13:41:34","guid":{"rendered":"https:\/\/finances.gov.bi\/?p=3571"},"modified":"2024-05-19T16:32:25","modified_gmt":"2024-05-19T14:32:25","slug":"burundi-retraite-parlementaire-sur-le-budget-programme","status":"publish","type":"post","link":"https:\/\/finances.gov.bi\/index.php\/2024\/05\/19\/burundi-retraite-parlementaire-sur-le-budget-programme\/","title":{"rendered":"Burundi : retraite parlementaire sur le budget programme."},"content":{"rendered":"<p>Dans l\u2019optique de la sensibilisation des principes fondamentaux de la r\u00e9forme du budget programme enfin de permettre \u00e0 l\u2019adoption des id\u00e9es responsables, une retraite parlementaire a \u00e9t\u00e9 organis\u00e9 par le\u00a0 Minist\u00e8re des Finances, du Budget et de la Planification Economique, acteur principal conjointement avec l\u2019AFRITAC Centre. Cet \u00e9v\u00e9nement s\u2019est d\u00e9roul\u00e9 \u00e0 l\u2019h\u00f4tel Kiriri Garden sis \u00e0 Bujumbura du 13 au 14 mai 2024 \u00e0 l\u2019endroit des membres du parlement (les d\u00e9put\u00e9s et les s\u00e9nateurs)\u00a0; les cadres de la commission des finances \u00e0 l\u2019Assembl\u00e9e Nationale et au Senat\u00a0; les cadres de la cours des comptes et ceux de la superstructure.<\/p>\n<p>Elle va leur permettre d\u2019accroitre les connaissances techniques sur les principes de la r\u00e9forme du budget programme tel que d\u00e9finis dans la loi organique des finances publiques en vigueur, avoir des bonnes pratiques au niveau international et leur ouvrir les horizons aux nouvelles id\u00e9es fondamentales. Cette activit\u00e9 va permettre aux parlementaires de faire une bonne analyse du projet de budget programme de l\u2019exercice 2024\/2025 et aux \u00e9quipes de la commission en charge des finances et de la cour des compte d\u2019avoir des connaissances techniques sur l\u2019analyse du budget en mode programme et ses annexes notamment\u00a0: documents de programmation budg\u00e9taire et \u00e9conomique pluriannuelle (DPBEP)\u00a0; projet annuels de performance\u00a0; plan de tr\u00e9sorerie et strat\u00e9gie de la dette ainsi que le plan de financement.<\/p>\n<p>Selon la nouvelle loi organique, trois objectifs seront poursuivis dans la gestion des finances publiques de la R\u00e9publique du Burundi\u00a0: (1) l\u2019instauration d\u2019une politique budg\u00e9taire \u00e0 moyen terme\u00a0; (2) le renforcement de l\u2019efficacit\u00e9 de la d\u00e9pense publique et (3) l\u2019am\u00e9lioration de la transparence budg\u00e9taire qui permet de renforcer les contr\u00f4les de finances publiques.<\/p>\n<p>Au cours de cette retraite, des d\u00e9fis ont \u00e9t\u00e9 identifi\u00e9s et soulev\u00e9s en vue d\u2019en trouver des solutions. En guise feuille de route, les participants \u00e0 cette r\u00e9union se sont convenus sur des recommandations afin de relever les d\u00e9fis lies \u00e0 la gestion du budget en mode programme. Ces derni\u00e8res sont entre autre la mise en place de trois piliers dont\u00a0: les fondements juridiques, la r\u00e9organisation structurelle des institutions et la mise en place d\u2019un syst\u00e8me d\u2019information ayant l\u2019objectif d\u2019accompagner cette r\u00e9forme.<\/p>\n\n\n<figure class=\"wp-block-table\"><table><tbody><tr><td><img fetchpriority=\"high\" decoding=\"async\" width=\"2560\" height=\"1707\" class=\"wp-image-3579\" style=\"width: 1000px;\" src=\"https:\/\/finances.gov.bi\/wp-content\/uploads\/2024\/05\/IMG_8813-1-scaled.jpg\" alt=\"\" srcset=\"https:\/\/finances.gov.bi\/wp-content\/uploads\/2024\/05\/IMG_8813-1-scaled.jpg 2560w, https:\/\/finances.gov.bi\/wp-content\/uploads\/2024\/05\/IMG_8813-1-300x200.jpg 300w, https:\/\/finances.gov.bi\/wp-content\/uploads\/2024\/05\/IMG_8813-1-1024x683.jpg 1024w, https:\/\/finances.gov.bi\/wp-content\/uploads\/2024\/05\/IMG_8813-1-768x512.jpg 768w, https:\/\/finances.gov.bi\/wp-content\/uploads\/2024\/05\/IMG_8813-1-1536x1024.jpg 1536w, https:\/\/finances.gov.bi\/wp-content\/uploads\/2024\/05\/IMG_8813-1-2048x1365.jpg 2048w\" sizes=\"(max-width: 2560px) 100vw, 2560px\" \/><\/td><td><img decoding=\"async\" width=\"2560\" height=\"1707\" class=\"wp-image-3578\" style=\"width: 1000px;\" src=\"https:\/\/finances.gov.bi\/wp-content\/uploads\/2024\/05\/IMG_8862-scaled.jpg\" alt=\"\" srcset=\"https:\/\/finances.gov.bi\/wp-content\/uploads\/2024\/05\/IMG_8862-scaled.jpg 2560w, https:\/\/finances.gov.bi\/wp-content\/uploads\/2024\/05\/IMG_8862-300x200.jpg 300w, https:\/\/finances.gov.bi\/wp-content\/uploads\/2024\/05\/IMG_8862-1024x683.jpg 1024w, https:\/\/finances.gov.bi\/wp-content\/uploads\/2024\/05\/IMG_8862-768x512.jpg 768w, https:\/\/finances.gov.bi\/wp-content\/uploads\/2024\/05\/IMG_8862-1536x1024.jpg 1536w, https:\/\/finances.gov.bi\/wp-content\/uploads\/2024\/05\/IMG_8862-2048x1365.jpg 2048w\" sizes=\"(max-width: 2560px) 100vw, 2560px\" \/><\/td><\/tr><tr><td><img decoding=\"async\" width=\"2560\" height=\"1707\" class=\"wp-image-3575\" style=\"width: 1000px;\" src=\"https:\/\/finances.gov.bi\/wp-content\/uploads\/2024\/05\/IMG_8859-scaled.jpg\" alt=\"\" srcset=\"https:\/\/finances.gov.bi\/wp-content\/uploads\/2024\/05\/IMG_8859-scaled.jpg 2560w, https:\/\/finances.gov.bi\/wp-content\/uploads\/2024\/05\/IMG_8859-300x200.jpg 300w, https:\/\/finances.gov.bi\/wp-content\/uploads\/2024\/05\/IMG_8859-1024x683.jpg 1024w, https:\/\/finances.gov.bi\/wp-content\/uploads\/2024\/05\/IMG_8859-768x512.jpg 768w, https:\/\/finances.gov.bi\/wp-content\/uploads\/2024\/05\/IMG_8859-1536x1024.jpg 1536w, https:\/\/finances.gov.bi\/wp-content\/uploads\/2024\/05\/IMG_8859-2048x1365.jpg 2048w\" sizes=\"(max-width: 2560px) 100vw, 2560px\" \/><\/td><td><\/td><\/tr><\/tbody><\/table><figcaption class=\"wp-element-caption\"><em>R\u00e9dig\u00e9 par ICOYANDITSE Esp\u00e9rance<\/em><\/figcaption><\/figure>\n","protected":false},"excerpt":{"rendered":"<p>Dans l\u2019optique de la sensibilisation des principes fondamentaux de la r\u00e9forme du budget programme enfin de permettre \u00e0 l\u2019adoption des<\/p>\n","protected":false},"author":1,"featured_media":3574,"comment_status":"closed","ping_status":"closed","sticky":false,"template":"","format":"standard","meta":[],"categories":[2],"tags":[],"post_folder":[],"_links":{"self":[{"href":"https:\/\/finances.gov.bi\/index.php\/wp-json\/wp\/v2\/posts\/3571"}],"collection":[{"href":"https:\/\/finances.gov.bi\/index.php\/wp-json\/wp\/v2\/posts"}],"about":[{"href":"https:\/\/finances.gov.bi\/index.php\/wp-json\/wp\/v2\/types\/post"}],"author":[{"embeddable":true,"href":"https:\/\/finances.gov.bi\/index.php\/wp-json\/wp\/v2\/users\/1"}],"replies":[{"embeddable":true,"href":"https:\/\/finances.gov.bi\/index.php\/wp-json\/wp\/v2\/comments?post=3571"}],"version-history":[{"count":3,"href":"https:\/\/finances.gov.bi\/index.php\/wp-json\/wp\/v2\/posts\/3571\/revisions"}],"predecessor-version":[{"id":3582,"href":"https:\/\/finances.gov.bi\/index.php\/wp-json\/wp\/v2\/posts\/3571\/revisions\/3582"}],"wp:featuredmedia":[{"embeddable":true,"href":"https:\/\/finances.gov.bi\/index.php\/wp-json\/wp\/v2\/media\/3574"}],"wp:attachment":[{"href":"https:\/\/finances.gov.bi\/index.php\/wp-json\/wp\/v2\/media?parent=3571"}],"wp:term":[{"taxonomy":"category","embeddable":true,"href":"https:\/\/finances.gov.bi\/index.php\/wp-json\/wp\/v2\/categories?post=3571"},{"taxonomy":"post_tag","embeddable":true,"href":"https:\/\/finances.gov.bi\/index.php\/wp-json\/wp\/v2\/tags?post=3571"},{"taxonomy":"post_folder","embeddable":true,"href":"https:\/\/finances.gov.bi\/index.php\/wp-json\/wp\/v2\/post_folder?post=3571"}],"curies":[{"name":"wp","href":"https:\/\/api.w.org\/{rel}","templated":true}]}}