{"id":605,"date":"2021-01-16T10:50:00","date_gmt":"2021-01-16T09:50:00","guid":{"rendered":"http:\/\/finances.gov.bi\/?p=605"},"modified":"2021-02-02T10:51:21","modified_gmt":"2021-02-02T09:51:21","slug":"reunion-sur-la-gestion-de-la-production-et-la-regulation-des-prix-par-le-gouvernement-du-burundi","status":"publish","type":"post","link":"https:\/\/finances.gov.bi\/index.php\/2021\/01\/16\/reunion-sur-la-gestion-de-la-production-et-la-regulation-des-prix-par-le-gouvernement-du-burundi\/","title":{"rendered":"R\u00e9union sur la Gestion de la Production et la R\u00e9gulation des prix par le Gouvernement du Burundi"},"content":{"rendered":"\n<p>Dans le cadre d\u2019analyser ensemble comment harmoniser les chiffres de la production agricole du mais, du riz, de la pomme de terre, du riz et des oignons, la capacit\u00e9 des hangars de stockage que l\u2019on dispose dans le pays&nbsp; en vue de bien &nbsp;g\u00e9rer cette production et la r\u00e9gulation des prix par l\u2019Etat&nbsp; afin d\u2019encourager l\u2019agriculteur burundais, une r\u00e9union &nbsp;a \u00e9t\u00e9 tenue \u00e0 l\u2019endroit de certains cadres de &nbsp;minist\u00e8res des Finances, du Budget et de la Planification Economique, celui de l\u2019Environnement, de l\u2019Agriculture et de l\u2019Elevage, de l\u2019ISTEBU et de l\u2019OBR par les Excellences Messieurs les Ministres respectifs \u00e0 ces deux Minist\u00e8res ce vendredi, le 15 janvier 2021 dans les enceintes du Minist\u00e8re des Finances, du Budget et de la Planification Economique.<\/p>\n\n\n\n<figure class=\"wp-block-table\"><table><tbody><tr><td><img decoding=\"async\" src=\"https:\/\/finances.gov.bi\/wp-content\/uploads\/2021\/02\/IMG_6326-1024x683.jpg\" alt=\"\" style=\"width: 1100px;\"><\/td><td><img decoding=\"async\" src=\"https:\/\/finances.gov.bi\/wp-content\/uploads\/2021\/02\/IMG_6331-1024x683.jpg\" alt=\"\" style=\"width: 1100px;\"><\/td><\/tr><\/tbody><\/table><\/figure>\n","protected":false},"excerpt":{"rendered":"<p>Dans le cadre d\u2019analyser ensemble comment harmoniser les chiffres de la production agricole du mais, du riz, de la pomme<\/p>\n","protected":false},"author":1,"featured_media":606,"comment_status":"closed","ping_status":"closed","sticky":false,"template":"","format":"standard","meta":[],"categories":[2],"tags":[],"post_folder":[],"_links":{"self":[{"href":"https:\/\/finances.gov.bi\/index.php\/wp-json\/wp\/v2\/posts\/605"}],"collection":[{"href":"https:\/\/finances.gov.bi\/index.php\/wp-json\/wp\/v2\/posts"}],"about":[{"href":"https:\/\/finances.gov.bi\/index.php\/wp-json\/wp\/v2\/types\/post"}],"author":[{"embeddable":true,"href":"https:\/\/finances.gov.bi\/index.php\/wp-json\/wp\/v2\/users\/1"}],"replies":[{"embeddable":true,"href":"https:\/\/finances.gov.bi\/index.php\/wp-json\/wp\/v2\/comments?post=605"}],"version-history":[{"count":2,"href":"https:\/\/finances.gov.bi\/index.php\/wp-json\/wp\/v2\/posts\/605\/revisions"}],"predecessor-version":[{"id":610,"href":"https:\/\/finances.gov.bi\/index.php\/wp-json\/wp\/v2\/posts\/605\/revisions\/610"}],"wp:featuredmedia":[{"embeddable":true,"href":"https:\/\/finances.gov.bi\/index.php\/wp-json\/wp\/v2\/media\/606"}],"wp:attachment":[{"href":"https:\/\/finances.gov.bi\/index.php\/wp-json\/wp\/v2\/media?parent=605"}],"wp:term":[{"taxonomy":"category","embeddable":true,"href":"https:\/\/finances.gov.bi\/index.php\/wp-json\/wp\/v2\/categories?post=605"},{"taxonomy":"post_tag","embeddable":true,"href":"https:\/\/finances.gov.bi\/index.php\/wp-json\/wp\/v2\/tags?post=605"},{"taxonomy":"post_folder","embeddable":true,"href":"https:\/\/finances.gov.bi\/index.php\/wp-json\/wp\/v2\/post_folder?post=605"}],"curies":[{"name":"wp","href":"https:\/\/api.w.org\/{rel}","templated":true}]}}