{"id":6873,"date":"2026-04-20T13:28:07","date_gmt":"2026-04-20T11:28:07","guid":{"rendered":"https:\/\/finances.gov.bi\/?p=6873"},"modified":"2026-04-29T15:31:20","modified_gmt":"2026-04-29T13:31:20","slug":"le-burundi-aux-reunions-de-printemps-2026","status":"publish","type":"post","link":"https:\/\/finances.gov.bi\/index.php\/2026\/04\/20\/le-burundi-aux-reunions-de-printemps-2026\/","title":{"rendered":"Le Burundi aux r\u00e9unions de printemps 2026"},"content":{"rendered":"\t\t<div data-elementor-type=\"wp-post\" data-elementor-id=\"6873\" class=\"elementor elementor-6873\">\r\n\t\t\t\t\t\t<section class=\"elementor-section elementor-top-section elementor-element elementor-element-ba4dc38 elementor-section-boxed elementor-section-height-default elementor-section-height-default\" data-id=\"ba4dc38\" data-element_type=\"section\">\r\n\t\t\t\t\t\t<div class=\"elementor-container elementor-column-gap-default\">\r\n\t\t\t\t\t<div class=\"elementor-column elementor-col-100 elementor-top-column elementor-element elementor-element-87123a6\" data-id=\"87123a6\" data-element_type=\"column\">\r\n\t\t\t<div class=\"elementor-widget-wrap elementor-element-populated\">\r\n\t\t\t\t\t\t<div class=\"elementor-element elementor-element-a0151ad elementor-widget elementor-widget-text-editor\" data-id=\"a0151ad\" data-element_type=\"widget\" data-widget_type=\"text-editor.default\">\r\n\t\t\t\t<div class=\"elementor-widget-container\">\r\n\t\t\t<style>\/*! elementor - v3.22.0 - 26-06-2024 *\/\r\n.elementor-widget-text-editor.elementor-drop-cap-view-stacked .elementor-drop-cap{background-color:#69727d;color:#fff}.elementor-widget-text-editor.elementor-drop-cap-view-framed .elementor-drop-cap{color:#69727d;border:3px solid;background-color:transparent}.elementor-widget-text-editor:not(.elementor-drop-cap-view-default) .elementor-drop-cap{margin-top:8px}.elementor-widget-text-editor:not(.elementor-drop-cap-view-default) .elementor-drop-cap-letter{width:1em;height:1em}.elementor-widget-text-editor .elementor-drop-cap{float:left;text-align:center;line-height:1;font-size:50px}.elementor-widget-text-editor .elementor-drop-cap-letter{display:inline-block}<\/style>\t\t\t\t<p style=\"text-align: justify; margin: 6.0pt 0cm 6.0pt 0cm;\"><span lang=\"FR\" style=\"font-size: 11.0pt; font-family: 'Tahoma',sans-serif;\">Le Ministre des Finances, du Budget et de l\u2019\u00c9conomie num\u00e9rique, Dr Alain NDIKUMANA, a conduit la d\u00e9l\u00e9gation burundaise aux R\u00e9unions de printemps 2026 du Groupe de la Banque mondiale et du Fonds mon\u00e9taire international, tenues \u00e0 Washington D.C. du 13 au 19 avril 2026. La d\u00e9l\u00e9gation comprenait le Ministre en charge des ressources mini\u00e8res, \u00e9nerg\u00e9tiques, de l\u2019industrie, du commerce et du tourisme, le Ministre en charge des infrastructures, des logements sociaux, des transports et de l\u2019\u00e9quipement, le Gouverneur de la Banque de la R\u00e9publique du Burundi, ainsi que d\u2019autres hauts cadres issus de diff\u00e9rents secteurs concern\u00e9s.<\/span><\/p>\n<p style=\"text-align: justify; margin: 6.0pt 0cm 6.0pt 0cm;\"><span lang=\"FR\" style=\"font-size: 11.0pt; font-family: 'Tahoma',sans-serif;\">Ces r\u00e9unions ont constitu\u00e9 un cadre d\u2019\u00e9changes de haut niveau sur les principaux enjeux \u00e9conomiques internationaux, <\/span><span lang=\"FR\" style=\"font-family: 'Tahoma',sans-serif;\">en particulier<\/span> <span lang=\"FR\" style=\"font-size: 11.0pt; font-family: 'Tahoma',sans-serif;\">la transformation de l\u2019architecture financi\u00e8re internationale, le financement du d\u00e9veloppement et les r\u00e9ponses aux chocs \u00e9conomiques affectant les pays en d\u00e9veloppement.<\/span><\/p>\n<p style=\"text-align: justify; margin: 6.0pt 0cm 6.0pt 0cm;\"><span lang=\"FR\" style=\"font-size: 11.0pt; font-family: 'Tahoma',sans-serif;\">\u00c0 cette occasion, le Burundi a r\u00e9affirm\u00e9 ses priorit\u00e9s en mati\u00e8re de consolidation des \u00e9quilibres macro\u00e9conomiques, de renforcement de la r\u00e9silience de l\u2019\u00e9conomie et d\u2019acc\u00e9l\u00e9ration de la transformation structurelle.<\/span><\/p>\t\t\t\t\t\t<\/div>\r\n\t\t\t\t<\/div>\r\n\t\t\t\t\t<\/div>\r\n\t\t<\/div>\r\n\t\t\t\t\t<\/div>\r\n\t\t<\/section>\r\n\t\t\t\t<section class=\"elementor-section elementor-top-section elementor-element elementor-element-9d2a98c elementor-section-boxed elementor-section-height-default elementor-section-height-default\" data-id=\"9d2a98c\" data-element_type=\"section\">\r\n\t\t\t\t\t\t<div class=\"elementor-container elementor-column-gap-default\">\r\n\t\t\t\t\t<div class=\"elementor-column elementor-col-50 elementor-top-column elementor-element elementor-element-8af20e2\" data-id=\"8af20e2\" data-element_type=\"column\">\r\n\t\t\t<div class=\"elementor-widget-wrap elementor-element-populated\">\r\n\t\t\t\t\t\t<div class=\"elementor-element elementor-element-40796b0 elementor-widget elementor-widget-image\" data-id=\"40796b0\" data-element_type=\"widget\" data-widget_type=\"image.default\">\r\n\t\t\t\t<div class=\"elementor-widget-container\">\r\n\t\t\t<style>\/*! elementor - v3.22.0 - 26-06-2024 *\/\r\n.elementor-widget-image{text-align:center}.elementor-widget-image a{display:inline-block}.elementor-widget-image a img[src$=\".svg\"]{width:48px}.elementor-widget-image img{vertical-align:middle;display:inline-block}<\/style>\t\t\t\t\t\t\t\t\t\t<img fetchpriority=\"high\" decoding=\"async\" width=\"800\" height=\"534\" src=\"https:\/\/finances.gov.bi\/wp-content\/uploads\/2026\/04\/2026-SM-AERC-1024x683.jpeg\" class=\"attachment-large size-large wp-image-6882\" alt=\"\" srcset=\"https:\/\/finances.gov.bi\/wp-content\/uploads\/2026\/04\/2026-SM-AERC-1024x683.jpeg 1024w, https:\/\/finances.gov.bi\/wp-content\/uploads\/2026\/04\/2026-SM-AERC-300x200.jpeg 300w, https:\/\/finances.gov.bi\/wp-content\/uploads\/2026\/04\/2026-SM-AERC-768x512.jpeg 768w, https:\/\/finances.gov.bi\/wp-content\/uploads\/2026\/04\/2026-SM-AERC-1536x1024.jpeg 1536w, https:\/\/finances.gov.bi\/wp-content\/uploads\/2026\/04\/2026-SM-AERC-2048x1365.jpeg 2048w\" sizes=\"(max-width: 800px) 100vw, 800px\" \/>\t\t\t\t\t\t\t\t\t\t\t\t\t<\/div>\r\n\t\t\t\t<\/div>\r\n\t\t\t\t\t<\/div>\r\n\t\t<\/div>\r\n\t\t\t\t<div class=\"elementor-column elementor-col-50 elementor-top-column elementor-element elementor-element-11455e1\" data-id=\"11455e1\" data-element_type=\"column\">\r\n\t\t\t<div class=\"elementor-widget-wrap elementor-element-populated\">\r\n\t\t\t\t\t\t<div class=\"elementor-element elementor-element-039fba8 elementor-widget elementor-widget-text-editor\" data-id=\"039fba8\" data-element_type=\"widget\" data-widget_type=\"text-editor.default\">\r\n\t\t\t\t<div class=\"elementor-widget-container\">\r\n\t\t\t\t\t\t\t<p style=\"text-align: justify; margin: 6.0pt 0cm 6.0pt 0cm;\"><span lang=\"FR\" style=\"font-size: 11.0pt; font-family: 'Tahoma',sans-serif;\">Le Ministre des Finances, du Budget et de l\u2019\u00c9conomie num\u00e9rique est intervenu lors du Forum de haut niveau sur les corridors de transport en Afrique. Il y a soulign\u00e9 le r\u00f4le strat\u00e9gique du Corridor central comme levier de d\u00e9senclavement, de comp\u00e9titivit\u00e9 et de cr\u00e9ation d\u2019emplois, dans une approche int\u00e9gr\u00e9e associant infrastructures, \u00e9nergie et valorisation des ressources naturelles.<\/span><\/p>\n<p style=\"text-align: justify; margin: 6.0pt 0cm 6.0pt 0cm;\">\u00a0<\/p>\t\t\t\t\t\t<\/div>\r\n\t\t\t\t<\/div>\r\n\t\t\t\t\t<\/div>\r\n\t\t<\/div>\r\n\t\t\t\t\t<\/div>\r\n\t\t<\/section>\r\n\t\t\t\t<section class=\"elementor-section elementor-top-section elementor-element elementor-element-7ac14c5 elementor-section-boxed elementor-section-height-default elementor-section-height-default\" data-id=\"7ac14c5\" data-element_type=\"section\">\r\n\t\t\t\t\t\t<div class=\"elementor-container elementor-column-gap-default\">\r\n\t\t\t\t\t<div class=\"elementor-column elementor-col-100 elementor-top-column elementor-element elementor-element-8b7d0ca\" data-id=\"8b7d0ca\" data-element_type=\"column\">\r\n\t\t\t<div class=\"elementor-widget-wrap elementor-element-populated\">\r\n\t\t\t\t\t\t<div class=\"elementor-element elementor-element-f6181f6 elementor-widget elementor-widget-text-editor\" data-id=\"f6181f6\" data-element_type=\"widget\" data-widget_type=\"text-editor.default\">\r\n\t\t\t\t<div class=\"elementor-widget-container\">\r\n\t\t\t\t\t\t\t<p><span lang=\"FR\" style=\"font-size: 11.0pt; font-family: 'Tahoma',sans-serif;\">Dans ce cadre, le Gouvernement du Burundi a organis\u00e9 un Dialogue strat\u00e9gique de haut niveau consacr\u00e9 au financement du Corridor Infrastructures-\u00c9nergie-Mines. Ce projet structurant a r\u00e9uni des repr\u00e9sentants du Groupe de la Banque Africaine de D\u00e9veloppement, du Groupe de la Banque mondiale ainsi que des partenaires du secteur priv\u00e9. Les \u00e9changes ont port\u00e9 sur l\u2019\u00e9tat d\u2019avancement du projet, les besoins de financement et les modalit\u00e9s de structuration, notamment \u00e0 travers des partenariats public-priv\u00e9 pour le d\u00e9veloppement des infrastructures ferroviaires, le renforcement des capacit\u00e9s \u00e9nerg\u00e9tiques et la valorisation des ressources mini\u00e8res strat\u00e9giques, dont le gisement de nickel de Musongati et minerais associ\u00e9s. Le Burundi a mis en avant une approche fond\u00e9e sur des investissements cr\u00e9dibles, fiables et mutuellement b\u00e9n\u00e9fiques, soutenus par une gouvernance rigoureuse.<\/span><\/p>\t\t\t\t\t\t<\/div>\r\n\t\t\t\t<\/div>\r\n\t\t\t\t\t<\/div>\r\n\t\t<\/div>\r\n\t\t\t\t\t<\/div>\r\n\t\t<\/section>\r\n\t\t\t\t<section class=\"elementor-section elementor-top-section elementor-element elementor-element-edd2b28 elementor-section-boxed elementor-section-height-default elementor-section-height-default\" data-id=\"edd2b28\" data-element_type=\"section\">\r\n\t\t\t\t\t\t<div class=\"elementor-container elementor-column-gap-default\">\r\n\t\t\t\t\t<div class=\"elementor-column elementor-col-50 elementor-top-column elementor-element elementor-element-62de901\" data-id=\"62de901\" data-element_type=\"column\">\r\n\t\t\t<div class=\"elementor-widget-wrap elementor-element-populated\">\r\n\t\t\t\t\t\t<div class=\"elementor-element elementor-element-9241c51 elementor-widget elementor-widget-image\" data-id=\"9241c51\" data-element_type=\"widget\" data-widget_type=\"image.default\">\r\n\t\t\t\t<div class=\"elementor-widget-container\">\r\n\t\t\t\t\t\t\t\t\t\t\t\t\t<img decoding=\"async\" width=\"800\" height=\"534\" src=\"https:\/\/finances.gov.bi\/wp-content\/uploads\/2026\/04\/2026-SM-BADEA1-1024x683.jpeg\" class=\"attachment-large size-large wp-image-6884\" alt=\"\" srcset=\"https:\/\/finances.gov.bi\/wp-content\/uploads\/2026\/04\/2026-SM-BADEA1-1024x683.jpeg 1024w, https:\/\/finances.gov.bi\/wp-content\/uploads\/2026\/04\/2026-SM-BADEA1-300x200.jpeg 300w, https:\/\/finances.gov.bi\/wp-content\/uploads\/2026\/04\/2026-SM-BADEA1-768x512.jpeg 768w, https:\/\/finances.gov.bi\/wp-content\/uploads\/2026\/04\/2026-SM-BADEA1-1536x1024.jpeg 1536w, https:\/\/finances.gov.bi\/wp-content\/uploads\/2026\/04\/2026-SM-BADEA1-2048x1365.jpeg 2048w\" sizes=\"(max-width: 800px) 100vw, 800px\" \/>\t\t\t\t\t\t\t\t\t\t\t\t\t<\/div>\r\n\t\t\t\t<\/div>\r\n\t\t\t\t\t<\/div>\r\n\t\t<\/div>\r\n\t\t\t\t<div class=\"elementor-column elementor-col-50 elementor-top-column elementor-element elementor-element-0e107c5\" data-id=\"0e107c5\" data-element_type=\"column\">\r\n\t\t\t<div class=\"elementor-widget-wrap elementor-element-populated\">\r\n\t\t\t\t\t\t<div class=\"elementor-element elementor-element-794b30b elementor-widget elementor-widget-text-editor\" data-id=\"794b30b\" data-element_type=\"widget\" data-widget_type=\"text-editor.default\">\r\n\t\t\t\t<div class=\"elementor-widget-container\">\r\n\t\t\t\t\t\t\t<p><span lang=\"FR\" style=\"font-size: 11.0pt; font-family: 'Tahoma',sans-serif;\">Dans le cadre de la mobilisation des ressources en appui aux priorit\u00e9s nationales, la d\u00e9l\u00e9gation burundaise conduite par le Ministre des Finances, du Budget et de l\u2019\u00c9conomie num\u00e9rique a rencontr\u00e9 le Pr\u00e9sident de la Banque Arabe pour le D\u00e9veloppement Economique en Afrique (BADEA), Monsieur Abdullah KH Almusaibeeh.\u00a0<\/span><\/p>\t\t\t\t\t\t<\/div>\r\n\t\t\t\t<\/div>\r\n\t\t\t\t\t<\/div>\r\n\t\t<\/div>\r\n\t\t\t\t\t<\/div>\r\n\t\t<\/section>\r\n\t\t\t\t<section class=\"elementor-section elementor-top-section elementor-element elementor-element-8a30249 elementor-section-boxed elementor-section-height-default elementor-section-height-default\" data-id=\"8a30249\" data-element_type=\"section\">\r\n\t\t\t\t\t\t<div class=\"elementor-container elementor-column-gap-default\">\r\n\t\t\t\t\t<div class=\"elementor-column elementor-col-100 elementor-top-column elementor-element elementor-element-3ce4aac\" data-id=\"3ce4aac\" data-element_type=\"column\">\r\n\t\t\t<div class=\"elementor-widget-wrap elementor-element-populated\">\r\n\t\t\t\t\t\t<div class=\"elementor-element elementor-element-9186284 elementor-widget elementor-widget-text-editor\" data-id=\"9186284\" data-element_type=\"widget\" data-widget_type=\"text-editor.default\">\r\n\t\t\t\t<div class=\"elementor-widget-container\">\r\n\t\t\t\t\t\t\t<p><span lang=\"FR\" style=\"font-size: 11.0pt; font-family: 'Tahoma',sans-serif;\">Cette rencontre a \u00e9t\u00e9 sanctionn\u00e9e par la signature d\u2019un accord de financement commercial d\u2019un montant de 100 millions USD, destin\u00e9 \u00e0 soutenir l\u2019approvisionnement du pays en produits de premi\u00e8re n\u00e9cessit\u00e9, comme le carburant, les m\u00e9dicaments et les fertilisants. Les \u00e9changes ont \u00e9galement permis de faire le point sur l\u2019\u00e9tat d\u2019ex\u00e9cution des projets en cours et de convenir de mesures visant \u00e0 renforcer l\u2019efficacit\u00e9 et le suivi des interventions, tout en r\u00e9affirmant la qualit\u00e9 du partenariat entre le Burundi et la BADEA.<\/span><\/p>\t\t\t\t\t\t<\/div>\r\n\t\t\t\t<\/div>\r\n\t\t\t\t\t<\/div>\r\n\t\t<\/div>\r\n\t\t\t\t\t<\/div>\r\n\t\t<\/section>\r\n\t\t\t\t<section class=\"elementor-section elementor-top-section elementor-element elementor-element-a8d0ff4 elementor-section-boxed elementor-section-height-default elementor-section-height-default\" data-id=\"a8d0ff4\" data-element_type=\"section\">\r\n\t\t\t\t\t\t<div class=\"elementor-container elementor-column-gap-default\">\r\n\t\t\t\t\t<div class=\"elementor-column elementor-col-50 elementor-top-column elementor-element elementor-element-f39f8e7\" data-id=\"f39f8e7\" data-element_type=\"column\">\r\n\t\t\t<div class=\"elementor-widget-wrap elementor-element-populated\">\r\n\t\t\t\t\t\t<div class=\"elementor-element elementor-element-8662cf0 elementor-widget elementor-widget-image\" data-id=\"8662cf0\" data-element_type=\"widget\" data-widget_type=\"image.default\">\r\n\t\t\t\t<div class=\"elementor-widget-container\">\r\n\t\t\t\t\t\t\t\t\t\t\t\t\t<img decoding=\"async\" width=\"800\" height=\"534\" src=\"https:\/\/finances.gov.bi\/wp-content\/uploads\/2026\/04\/2026-SM-FMI-2-1024x683.jpeg\" class=\"attachment-large size-large wp-image-6886\" alt=\"\" srcset=\"https:\/\/finances.gov.bi\/wp-content\/uploads\/2026\/04\/2026-SM-FMI-2-1024x683.jpeg 1024w, https:\/\/finances.gov.bi\/wp-content\/uploads\/2026\/04\/2026-SM-FMI-2-300x200.jpeg 300w, https:\/\/finances.gov.bi\/wp-content\/uploads\/2026\/04\/2026-SM-FMI-2-768x512.jpeg 768w, https:\/\/finances.gov.bi\/wp-content\/uploads\/2026\/04\/2026-SM-FMI-2-1536x1024.jpeg 1536w, https:\/\/finances.gov.bi\/wp-content\/uploads\/2026\/04\/2026-SM-FMI-2-2048x1366.jpeg 2048w\" sizes=\"(max-width: 800px) 100vw, 800px\" \/>\t\t\t\t\t\t\t\t\t\t\t\t\t<\/div>\r\n\t\t\t\t<\/div>\r\n\t\t\t\t\t<\/div>\r\n\t\t<\/div>\r\n\t\t\t\t<div class=\"elementor-column elementor-col-50 elementor-top-column elementor-element elementor-element-27f19c9\" data-id=\"27f19c9\" data-element_type=\"column\">\r\n\t\t\t<div class=\"elementor-widget-wrap elementor-element-populated\">\r\n\t\t\t\t\t\t<div class=\"elementor-element elementor-element-346cbfd elementor-widget elementor-widget-text-editor\" data-id=\"346cbfd\" data-element_type=\"widget\" data-widget_type=\"text-editor.default\">\r\n\t\t\t\t<div class=\"elementor-widget-container\">\r\n\t\t\t\t\t\t\t<p>Les rencontres avec d\u2019autres partenaires au d\u00e9veloppement ont permis de consolider les relations de coop\u00e9ration. Le Fonds mon\u00e9taire international, \u00e0 travers le Directeur du D\u00e9partement Afrique et le Directeur g\u00e9n\u00e9ral adjoint, a salu\u00e9 les progr\u00e8s significatifs r\u00e9alis\u00e9s par le Burundi dans la mise en \u0153uvre du Programme de stabilisation macro\u00e9conomique. Ces avanc\u00e9es t\u00e9moignent de l\u2019engagement constant des autorit\u00e9s et des efforts soutenus du Gouvernement du Burundi pour restaurer les \u00e9quilibres macro\u00e9conomiques et renforcer la cr\u00e9dibilit\u00e9 de la politique \u00e9conomique.\u00a0<\/p>\t\t\t\t\t\t<\/div>\r\n\t\t\t\t<\/div>\r\n\t\t\t\t\t<\/div>\r\n\t\t<\/div>\r\n\t\t\t\t\t<\/div>\r\n\t\t<\/section>\r\n\t\t\t\t<section class=\"elementor-section elementor-top-section elementor-element elementor-element-b6e168c elementor-section-boxed elementor-section-height-default elementor-section-height-default\" data-id=\"b6e168c\" data-element_type=\"section\">\r\n\t\t\t\t\t\t<div class=\"elementor-container elementor-column-gap-default\">\r\n\t\t\t\t\t<div class=\"elementor-column elementor-col-100 elementor-top-column elementor-element elementor-element-10e29c2\" data-id=\"10e29c2\" data-element_type=\"column\">\r\n\t\t\t<div class=\"elementor-widget-wrap elementor-element-populated\">\r\n\t\t\t\t\t\t<div class=\"elementor-element elementor-element-e1f0e60 elementor-widget elementor-widget-text-editor\" data-id=\"e1f0e60\" data-element_type=\"widget\" data-widget_type=\"text-editor.default\">\r\n\t\t\t\t<div class=\"elementor-widget-container\">\r\n\t\t\t\t\t\t\t<p>Le FMI a encourag\u00e9 la poursuite de cette dynamique et a r\u00e9affirm\u00e9 son engagement \u00e0 accompagner le Burundi, \u00e0 travers un appui multiforme, dans la consolidation de la stabilit\u00e9 macro\u00e9conomique et la mise en \u0153uvre de son programme.<\/p>\n<p>Dans le domaine de l\u2019\u00e9conomie num\u00e9rique, la d\u00e9l\u00e9gation burundaise a rencontr\u00e9 le CEO de Cybastion, entreprise sp\u00e9cialis\u00e9e dans les solutions de cybers\u00e9curit\u00e9 et de transformation num\u00e9rique. Les \u00e9changes ont port\u00e9 sur les perspectives de collaboration en mati\u00e8re de d\u00e9veloppement d\u2019infrastructures num\u00e9riques, de cybers\u00e9curit\u00e9 et de renforcement des capacit\u00e9s, \u00e0 travers la formation des jeunes aux m\u00e9tiers du num\u00e9rique. Le CEO de Cybastion a exprim\u00e9 son int\u00e9r\u00eat \u00e0 effectuer une visite au Burundi afin d\u2019examiner les modalit\u00e9s de partenariat.<\/p>\t\t\t\t\t\t<\/div>\r\n\t\t\t\t<\/div>\r\n\t\t\t\t\t<\/div>\r\n\t\t<\/div>\r\n\t\t\t\t\t<\/div>\r\n\t\t<\/section>\r\n\t\t\t\t<section class=\"elementor-section elementor-top-section elementor-element elementor-element-826eaa6 elementor-section-boxed elementor-section-height-default elementor-section-height-default\" data-id=\"826eaa6\" data-element_type=\"section\">\r\n\t\t\t\t\t\t<div class=\"elementor-container elementor-column-gap-default\">\r\n\t\t\t\t\t<div class=\"elementor-column elementor-col-100 elementor-top-column elementor-element elementor-element-c01eb82\" data-id=\"c01eb82\" data-element_type=\"column\">\r\n\t\t\t<div class=\"elementor-widget-wrap elementor-element-populated\">\r\n\t\t\t\t\t\t<div class=\"elementor-element elementor-element-b631c5e elementor-widget elementor-widget-text-editor\" data-id=\"b631c5e\" data-element_type=\"widget\" data-widget_type=\"text-editor.default\">\r\n\t\t\t\t<div class=\"elementor-widget-container\">\r\n\t\t\t\t\t\t\t<p style=\"text-align: justify; margin: 6.0pt 0cm 6.0pt 0cm;\"><span lang=\"FR\" style=\"font-size: 11.0pt; font-family: 'Tahoma',sans-serif;\">La d\u00e9l\u00e9gation burundaise a \u00e9galement pris part \u00e0 plusieurs sessions th\u00e9matiques consacr\u00e9es \u00e0 l\u2019emploi, \u00e0 la r\u00e9silience \u00e9conomique et aux impacts des crises globales sur les \u00e9conomies africaines. En parall\u00e8le, des rencontres sectorielles ont \u00e9t\u00e9 tenues, notamment par les Ministres en charge de l\u2019\u00e9nergie et des infrastructures, avec les \u00e9quipes techniques concern\u00e9es, en vue d\u2019approfondir les \u00e9changes sur les priorit\u00e9s de d\u00e9veloppement dans ces domaines. Ces \u00e9changes ont mis en \u00e9vidence la n\u00e9cessit\u00e9 d\u2019une architecture financi\u00e8re internationale plus inclusive et mieux adapt\u00e9e aux r\u00e9alit\u00e9s des pays en d\u00e9veloppement.<\/span><\/p>\n<p style=\"text-align: justify; margin: 6.0pt 0cm 6.0pt 0cm;\"><span lang=\"FR\" style=\"font-size: 11.0pt; font-family: 'Tahoma',sans-serif;\">La participation du Burundi \u00e0 ces R\u00e9unions de printemps, \u00e9dition 2026, a traduit l\u2019engagement du Gouvernement du Burundi \u00e0 renforcer sa coop\u00e9ration avec les partenaires internationaux, \u00e0 mobiliser des ressources pour le financement du d\u00e9veloppement et \u00e0 poursuivre les r\u00e9formes d\u00e9j\u00e0 engag\u00e9es, en vue de r\u00e9aliser les objectifs de transformation \u00e9conomique et sociale fix\u00e9s dans la Vision Burundi 2040-2060.<\/span><\/p>\t\t\t\t\t\t<\/div>\r\n\t\t\t\t<\/div>\r\n\t\t\t\t\t<\/div>\r\n\t\t<\/div>\r\n\t\t\t\t\t<\/div>\r\n\t\t<\/section>\r\n\t\t\t\t<section class=\"elementor-section elementor-top-section elementor-element elementor-element-8a61bcd elementor-section-boxed elementor-section-height-default elementor-section-height-default\" data-id=\"8a61bcd\" data-element_type=\"section\">\r\n\t\t\t\t\t\t<div class=\"elementor-container elementor-column-gap-default\">\r\n\t\t\t\t\t<div class=\"elementor-column elementor-col-100 elementor-top-column elementor-element elementor-element-af6b9ef\" data-id=\"af6b9ef\" data-element_type=\"column\">\r\n\t\t\t<div class=\"elementor-widget-wrap elementor-element-populated\">\r\n\t\t\t\t\t\t<div class=\"elementor-element elementor-element-d5adf2d elementor-widget elementor-widget-image\" data-id=\"d5adf2d\" data-element_type=\"widget\" data-widget_type=\"image.default\">\r\n\t\t\t\t<div class=\"elementor-widget-container\">\r\n\t\t\t\t\t\t\t\t\t\t\t\t\t<img loading=\"lazy\" decoding=\"async\" width=\"800\" height=\"591\" src=\"https:\/\/finances.gov.bi\/wp-content\/uploads\/2026\/04\/2026-SM-DIALOGUE-3-1024x756.jpeg\" class=\"attachment-large size-large wp-image-6898\" alt=\"\" srcset=\"https:\/\/finances.gov.bi\/wp-content\/uploads\/2026\/04\/2026-SM-DIALOGUE-3-1024x756.jpeg 1024w, https:\/\/finances.gov.bi\/wp-content\/uploads\/2026\/04\/2026-SM-DIALOGUE-3-300x222.jpeg 300w, https:\/\/finances.gov.bi\/wp-content\/uploads\/2026\/04\/2026-SM-DIALOGUE-3-768x567.jpeg 768w, https:\/\/finances.gov.bi\/wp-content\/uploads\/2026\/04\/2026-SM-DIALOGUE-3-1536x1135.jpeg 1536w, https:\/\/finances.gov.bi\/wp-content\/uploads\/2026\/04\/2026-SM-DIALOGUE-3-2048x1513.jpeg 2048w\" sizes=\"(max-width: 800px) 100vw, 800px\" \/>\t\t\t\t\t\t\t\t\t\t\t\t\t<\/div>\r\n\t\t\t\t<\/div>\r\n\t\t\t\t\t<\/div>\r\n\t\t<\/div>\r\n\t\t\t\t\t<\/div>\r\n\t\t<\/section>\r\n\t\t\t\t<\/div>\r\n\t\t","protected":false},"excerpt":{"rendered":"<p>Le Ministre des Finances, du Budget et de l\u2019\u00c9conomie num\u00e9rique, Dr Alain NDIKUMANA, a conduit la d\u00e9l\u00e9gation burundaise aux R\u00e9unions<\/p>\n","protected":false},"author":2,"featured_media":6890,"comment_status":"closed","ping_status":"closed","sticky":false,"template":"","format":"standard","meta":[],"categories":[2],"tags":[],"post_folder":[],"_links":{"self":[{"href":"https:\/\/finances.gov.bi\/index.php\/wp-json\/wp\/v2\/posts\/6873"}],"collection":[{"href":"https:\/\/finances.gov.bi\/index.php\/wp-json\/wp\/v2\/posts"}],"about":[{"href":"https:\/\/finances.gov.bi\/index.php\/wp-json\/wp\/v2\/types\/post"}],"author":[{"embeddable":true,"href":"https:\/\/finances.gov.bi\/index.php\/wp-json\/wp\/v2\/users\/2"}],"replies":[{"embeddable":true,"href":"https:\/\/finances.gov.bi\/index.php\/wp-json\/wp\/v2\/comments?post=6873"}],"version-history":[{"count":8,"href":"https:\/\/finances.gov.bi\/index.php\/wp-json\/wp\/v2\/posts\/6873\/revisions"}],"predecessor-version":[{"id":6901,"href":"https:\/\/finances.gov.bi\/index.php\/wp-json\/wp\/v2\/posts\/6873\/revisions\/6901"}],"wp:featuredmedia":[{"embeddable":true,"href":"https:\/\/finances.gov.bi\/index.php\/wp-json\/wp\/v2\/media\/6890"}],"wp:attachment":[{"href":"https:\/\/finances.gov.bi\/index.php\/wp-json\/wp\/v2\/media?parent=6873"}],"wp:term":[{"taxonomy":"category","embeddable":true,"href":"https:\/\/finances.gov.bi\/index.php\/wp-json\/wp\/v2\/categories?post=6873"},{"taxonomy":"post_tag","embeddable":true,"href":"https:\/\/finances.gov.bi\/index.php\/wp-json\/wp\/v2\/tags?post=6873"},{"taxonomy":"post_folder","embeddable":true,"href":"https:\/\/finances.gov.bi\/index.php\/wp-json\/wp\/v2\/post_folder?post=6873"}],"curies":[{"name":"wp","href":"https:\/\/api.w.org\/{rel}","templated":true}]}}