{"id":711,"date":"2018-12-18T13:59:22","date_gmt":"2018-12-18T12:59:22","guid":{"rendered":"http:\/\/finances.gov.bi\/?p=711"},"modified":"2021-02-13T16:02:45","modified_gmt":"2021-02-13T15:02:45","slug":"etats-generaux-de-lassurance-au-burundi-1ere-edition","status":"publish","type":"post","link":"https:\/\/finances.gov.bi\/index.php\/2018\/12\/18\/etats-generaux-de-lassurance-au-burundi-1ere-edition\/","title":{"rendered":"Etats g\u00e9n\u00e9raux de l\u2019assurance au Burundi, 1\u00e8re \u00e9dition."},"content":{"rendered":"\n<p>Sous le Haut Patronage de Son Excellence le 2\u00e8me Vice-Pr\u00e9sident de la R\u00e9publique Dr. Joseph Butore, en compagnie du Ministre des Finances et de la Coop\u00e9ration au D\u00e9veloppement Dr. Domitien Ndihokubwayo, l\u2019Association des Assureurs du Burundi (ASSUR) a organis\u00e9 la premi\u00e8re \u00e9dition des Etats G\u00e9n\u00e9raux de l\u2019assurance au Burundi qui se tiennent du jeudi 15 au vendredi 16 novembre 2018 \u00e0 l\u2019H\u00f4tel Ruhuka de Buye en province Ngozi.\u00a0\u00a0\u00a0\u00a0\u00a0\u00a0\u00a0\u00a0\u00a0\u00a0\u00a0\u00a0\u00a0\u00a0\u00a0\u00a0\u00a0\u00a0\u00a0\u00a0\u00a0\u00a0\u00a0\u00a0\u00a0\u00a0\u00a0\u00a0\u00a0\u00a0\u00a0\u00a0\u00a0\u00a0\u00a0\u00a0\u00a0\u00a0\u00a0\u00a0\u00a0\u00a0\u00a0\u00a0\u00a0\u00a0\u00a0\u00a0\u00a0\u00a0\u00a0\u00a0\u00a0\u00a0\u00a0\u00a0\u00a0\u00a0\u00a0\u00a0\u00a0\u00a0\u00a0\u00a0\u00a0\u00a0\u00a0\u00a0\u00a0\u00a0\u00a0\u00a0\u00a0\u00a0\u00a0\u00a0\u00a0\u00a0\u00a0\u00a0\u00a0\u00a0\u00a0\u00a0\u00a0\u00a0\u00a0\u00a0\u00a0\u00a0\u00a0\u00a0\u00a0\u00a0\u00a0\u00a0\u00a0\u00a0\u00a0\u00a0\u00a0\u00a0\u00a0\u00a0\u00a0\u00a0\u00a0\u00a0\u00a0\u00a0\u00a0\u00a0\u00a0\u00a0\u00a0\u00a0\u00a0\u00a0\u00a0\u00a0\u00a0\u00a0\u00a0\u00a0\u00a0\u00a0\u00a0\u00a0\u00a0\u00a0\u00a0\u00a0\u00a0\u00a0\u00a0\u00a0\u00a0\u00a0\u00a0\u00a0\u00a0\u00a0\u00a0\u00a0\u00a0\u00a0\u00a0\u00a0\u00a0\u00a0\u00a0\u00a0\u00a0\u00a0\u00a0\u00a0\u00a0\u00a0\u00a0\u00a0\u00a0\u00a0\u00a0\u00a0\u00a0\u00a0\u00a0\u00a0\u00a0\u00a0\u00a0\u00a0\u00a0\u00a0\u00a0\u00a0\u00a0 <\/p>\n\n\n\n<p>Le th\u00e8me choisi pour cette ann\u00e9e est \u00ab\u00a0Les assureurs pour le d\u00e9veloppement int\u00e9gral du pays.\u00a0\u00bb<br>Son Excellence le 2\u00e8me Vice-pr\u00e9sident de la R\u00e9publique a, dans son discours d\u2019ouverture, indiqu\u00e9 que le Gouvernement du Burundi est conscient du r\u00f4le pr\u00e9pond\u00e9rant que jouent les entreprises d&#8217;assurance dans le d\u00e9veloppement de l&#8217;\u00e9conomie nationale. Il est \u00e9galement conscient des diff\u00e9rents d\u00e9fis et contraintes auxquels fait face l&#8217;industrie d&#8217;assurance. A cet effet, le 2\u00e8me Vice-pr\u00e9sident a r\u00e9it\u00e9r\u00e9 aux assureurs la volont\u00e9 du Gouvernement burundais \u00e0 ne m\u00e9nager aucun effort pour combattre le non-respect du code des assurances du Burundi.\u00a0\u00a0\u00a0\u00a0\u00a0\u00a0\u00a0\u00a0\u00a0\u00a0\u00a0\u00a0\u00a0\u00a0\u00a0\u00a0\u00a0\u00a0\u00a0\u00a0\u00a0\u00a0\u00a0\u00a0\u00a0\u00a0\u00a0\u00a0\u00a0\u00a0\u00a0\u00a0\u00a0\u00a0\u00a0\u00a0\u00a0\u00a0\u00a0\u00a0\u00a0\u00a0\u00a0\u00a0\u00a0\u00a0\u00a0\u00a0\u00a0\u00a0\u00a0\u00a0\u00a0\u00a0\u00a0\u00a0\u00a0\u00a0\u00a0\u00a0\u00a0\u00a0\u00a0\u00a0\u00a0\u00a0\u00a0\u00a0\u00a0\u00a0\u00a0\u00a0\u00a0\u00a0\u00a0\u00a0\u00a0\u00a0\u00a0\u00a0\u00a0\u00a0\u00a0\u00a0\u00a0\u00a0\u00a0\u00a0\u00a0\u00a0\u00a0\u00a0\u00a0\u00a0\u00a0\u00a0\u00a0\u00a0\u00a0\u00a0\u00a0\u00a0\u00a0\u00a0\u00a0\u00a0\u00a0\u00a0\u00a0\u00a0\u00a0\u00a0\u00a0\u00a0\u00a0\u00a0\u00a0\u00a0\u00a0\u00a0\u00a0\u00a0\u00a0\u00a0\u00a0\u00a0\u00a0\u00a0\u00a0\u00a0\u00a0\u00a0\u00a0\u00a0\u00a0\u00a0\u00a0\u00a0\u00a0\u00a0\u00a0\u00a0\u00a0\u00a0\u00a0\u00a0\u00a0\u00a0\u00a0\u00a0\u00a0\u00a0\u00a0\u00a0\u00a0\u00a0\u00a0\u00a0\u00a0\u00a0\u00a0\u00a0\u00a0\u00a0\u00a0\u00a0\u00a0\u00a0\u00a0\u00a0\u00a0\u00a0\u00a0\u00a0\u00a0\u00a0\u00a0\u00a0\u00a0\u00a0\u00a0\u00a0 <\/p>\n\n\n\n<p>Toutefois, le Dr. Joseph Butore a rappel\u00e9 que le r\u00e8glement des sinistr\u00e9s reste le principal engagement de l&#8217;assureur. \u00ab\u00a0Vous devez vous acquitter de ce noble devoir de payer rapidement les sinistr\u00e9s car le paiement rapide des sinistr\u00e9s est le meilleur moyen d&#8217;appel inculquant le r\u00e9flexe d\u2019assurer au sein de la population \u00bb, a insist\u00e9 Joseph Butore.<br>Le Ministre en charge des Finances et de la Coop\u00e9ration au D\u00e9veloppement, le Dr. Domitien Ndihokubwayo, a, \u00e0 son tour, exhort\u00e9 les entreprises d&#8217;assurances \u00e0 m\u00e9riter la confiance plac\u00e9e en elles par les preneurs d&#8217;assurance. Il leur a rappel\u00e9 que le r\u00f4le des assurances est de prot\u00e9ger les assur\u00e9s contre les al\u00e9as de la vie quotidienne et professionnelle.\u00a0\u00a0\u00a0\u00a0\u00a0\u00a0\u00a0\u00a0\u00a0\u00a0\u00a0\u00a0\u00a0\u00a0\u00a0\u00a0\u00a0\u00a0\u00a0\u00a0\u00a0\u00a0\u00a0\u00a0\u00a0\u00a0\u00a0\u00a0\u00a0\u00a0\u00a0\u00a0\u00a0\u00a0\u00a0\u00a0\u00a0\u00a0\u00a0\u00a0\u00a0\u00a0\u00a0\u00a0\u00a0\u00a0\u00a0\u00a0\u00a0\u00a0\u00a0\u00a0\u00a0\u00a0\u00a0\u00a0\u00a0\u00a0\u00a0\u00a0\u00a0\u00a0\u00a0\u00a0\u00a0\u00a0\u00a0\u00a0\u00a0\u00a0\u00a0\u00a0\u00a0\u00a0\u00a0\u00a0\u00a0\u00a0\u00a0\u00a0\u00a0\u00a0\u00a0\u00a0\u00a0\u00a0\u00a0\u00a0\u00a0\u00a0\u00a0\u00a0\u00a0\u00a0\u00a0\u00a0\u00a0\u00a0\u00a0\u00a0\u00a0\u00a0\u00a0\u00a0\u00a0\u00a0\u00a0\u00a0\u00a0\u00a0\u00a0\u00a0\u00a0\u00a0\u00a0\u00a0\u00a0\u00a0\u00a0\u00a0\u00a0\u00a0\u00a0\u00a0\u00a0\u00a0\u00a0\u00a0\u00a0\u00a0\u00a0\u00a0\u00a0\u00a0\u00a0\u00a0\u00a0\u00a0\u00a0\u00a0\u00a0\u00a0\u00a0\u00a0 <\/p>\n\n\n\n<p>Pour faire face \u00e0 leurs engagements, Son Excellence le ministre en charge des Finances a demand\u00e9 aux assureurs de travailler avec professionnalisme et de s\u2019atteler davantage au respect de la loi et aux meilleures pratiques d&#8217;assurance en consacrant plus d&#8217;efforts aux strat\u00e9gies visant \u00e0 l&#8217;acc\u00e9l\u00e9ration de la cadence de r\u00e8glement des sinistr\u00e9s mais \u00e9galement \u00e0 renforcer la solvabilit\u00e9 des entreprises.<\/p>\n\n\n\n<p>\u00ab&nbsp;Le traitement diligent des sinistr\u00e9s comme principal engagement des assurances envers les assur\u00e9s est le gage de confiance et d&#8217;appel \u00e0 une souscription massive de l&#8217;assurance avec pour corollaire, le d\u00e9veloppement de l&#8217;industrie d&#8217;assurance&nbsp;\u00bb, a rappel\u00e9 avec insistance le Dr. Domitien Ndihokubwayo.<\/p>\n\n\n\n<p>Selon la repr\u00e9sentante de l&#8217;ASSUR, Madame Trinitas Girikwishaka, les objectifs des \u00c9tats g\u00e9n\u00e9raux de l&#8217;assurance au Burundi sont notamment&nbsp;:<\/p>\n\n\n\n<ul><li>analyser ensemble les d\u00e9fis et les contraintes auxquels fait face l&#8217;industrie d&#8217;assurance et les voies et moyens pour y rem\u00e9dier\u00a0;<\/li><li>Sensibiliser la communaut\u00e9 sur l&#8217;int\u00e9r\u00eat et le r\u00f4le des assureurs dans le d\u00e9veloppement \u00e9conomique du pays\u00a0;<\/li><li> promouvoir en commun les atouts et les opportunit\u00e9s que pr\u00e9sente pour chaque partenaire de l\u2019industrie des assurances au Burundi\u00a0;<\/li><li>arr\u00eater ensemble les strat\u00e9gies et les actions concr\u00e8tes \u00e0 mener pour doubler le chiffre d&#8217;affaires de l&#8217;industrie d\u2019assurance dans les 5 ans \u00e0 venir.\u00a0\u00a0\u00a0\u00a0\u00a0\u00a0\u00a0\u00a0\u00a0\u00a0\u00a0\u00a0\u00a0\u00a0\u00a0\u00a0\u00a0\u00a0\u00a0\u00a0\u00a0\u00a0\u00a0\u00a0\u00a0\u00a0\u00a0\u00a0\u00a0\u00a0\u00a0\u00a0\u00a0\u00a0\u00a0\u00a0\u00a0\u00a0\u00a0\u00a0\u00a0\u00a0\u00a0\u00a0\u00a0\u00a0\u00a0\u00a0\u00a0\u00a0\u00a0\u00a0\u00a0\u00a0\u00a0\u00a0\u00a0\u00a0\u00a0\u00a0\u00a0\u00a0\u00a0\u00a0\u00a0\u00a0\u00a0\u00a0\u00a0\u00a0\u00a0\u00a0\u00a0\u00a0\u00a0\u00a0\u00a0\u00a0\u00a0\u00a0\u00a0\u00a0\u00a0\u00a0\u00a0\u00a0\u00a0\u00a0\u00a0\u00a0\u00a0\u00a0\u00a0\u00a0\u00a0\u00a0\u00a0\u00a0\u00a0\u00a0\u00a0\u00a0\u00a0\u00a0\u00a0\u00a0\u00a0\u00a0\u00a0\u00a0\u00a0\u00a0\u00a0\u00a0\u00a0\u00a0\u00a0\u00a0\u00a0\u00a0\u00a0\u00a0\u00a0\u00a0\u00a0\u00a0\u00a0\u00a0\u00a0\u00a0\u00a0\u00a0\u00a0\u00a0<\/li><\/ul>\n\n\n\n<p>Apr\u00e8s l\u2019ouverture solennelle de cette premi\u00e8re \u00e9dition, les travaux se sont poursuivis \u00e0 l\u2019H\u00f4tel Ruhuka.<\/p>\n","protected":false},"excerpt":{"rendered":"<p>Sous le Haut Patronage de Son Excellence le 2\u00e8me Vice-Pr\u00e9sident de la R\u00e9publique Dr. Joseph Butore, en compagnie du Ministre<\/p>\n","protected":false},"author":1,"featured_media":712,"comment_status":"closed","ping_status":"closed","sticky":false,"template":"","format":"standard","meta":[],"categories":[2],"tags":[],"post_folder":[],"_links":{"self":[{"href":"https:\/\/finances.gov.bi\/index.php\/wp-json\/wp\/v2\/posts\/711"}],"collection":[{"href":"https:\/\/finances.gov.bi\/index.php\/wp-json\/wp\/v2\/posts"}],"about":[{"href":"https:\/\/finances.gov.bi\/index.php\/wp-json\/wp\/v2\/types\/post"}],"author":[{"embeddable":true,"href":"https:\/\/finances.gov.bi\/index.php\/wp-json\/wp\/v2\/users\/1"}],"replies":[{"embeddable":true,"href":"https:\/\/finances.gov.bi\/index.php\/wp-json\/wp\/v2\/comments?post=711"}],"version-history":[{"count":2,"href":"https:\/\/finances.gov.bi\/index.php\/wp-json\/wp\/v2\/posts\/711\/revisions"}],"predecessor-version":[{"id":714,"href":"https:\/\/finances.gov.bi\/index.php\/wp-json\/wp\/v2\/posts\/711\/revisions\/714"}],"wp:featuredmedia":[{"embeddable":true,"href":"https:\/\/finances.gov.bi\/index.php\/wp-json\/wp\/v2\/media\/712"}],"wp:attachment":[{"href":"https:\/\/finances.gov.bi\/index.php\/wp-json\/wp\/v2\/media?parent=711"}],"wp:term":[{"taxonomy":"category","embeddable":true,"href":"https:\/\/finances.gov.bi\/index.php\/wp-json\/wp\/v2\/categories?post=711"},{"taxonomy":"post_tag","embeddable":true,"href":"https:\/\/finances.gov.bi\/index.php\/wp-json\/wp\/v2\/tags?post=711"},{"taxonomy":"post_folder","embeddable":true,"href":"https:\/\/finances.gov.bi\/index.php\/wp-json\/wp\/v2\/post_folder?post=711"}],"curies":[{"name":"wp","href":"https:\/\/api.w.org\/{rel}","templated":true}]}}