{"id":850,"date":"2021-02-26T10:49:26","date_gmt":"2021-02-26T09:49:26","guid":{"rendered":"http:\/\/finances.gov.bi\/?p=850"},"modified":"2021-02-26T10:57:05","modified_gmt":"2021-02-26T09:57:05","slug":"communique-au-public-sur-lusage-de-faux-comptes-facebook-et-twitter-au-nom-du-ministere-des-finances-du-budget-et-de-la-planification-economique","status":"publish","type":"post","link":"https:\/\/finances.gov.bi\/index.php\/2021\/02\/26\/communique-au-public-sur-lusage-de-faux-comptes-facebook-et-twitter-au-nom-du-ministere-des-finances-du-budget-et-de-la-planification-economique\/","title":{"rendered":"Communiqu\u00e9 au Public sur l&#8217;usage de faux comptes Facebook et Twitter au nom du Minist\u00e8re des Finances , du Budget et de la Planification Economique."},"content":{"rendered":"\n<p><a href=\"https:\/\/finances.gov.bi\/wp-content\/uploads\/2021\/02\/COMMUNIQUE.pdf\" target=\"_blank\" rel=\"noreferrer noopener\">Le Minist\u00e8re des Finances , du Budget et de la Planification Economique porte \u00e0 la connaissance de l&#8217;opinion nationale et internationale que de faux comptes sont cr\u00e9\u00e9s sur Facebook et Twitter au nom dudit Minist\u00e8re. Suite \u00e0 ces actes de piratage et d&#8217;usurpation , les comtes Facebook et Twitter du Minist\u00e8re des Finances , du Budget et de la Planification Economique ne sont pas fonctionnels depuis un moment.<\/a><\/p>\n\n\n\n<div class=\"wp-block-file\"><a href=\"https:\/\/finances.gov.bi\/wp-content\/uploads\/2021\/02\/COMMUNIQUE.pdf\">COMMUNIQUE<\/a><a href=\"https:\/\/finances.gov.bi\/wp-content\/uploads\/2021\/02\/COMMUNIQUE.pdf\" class=\"wp-block-file__button\" download>T\u00e9l\u00e9charger<\/a><\/div>\n","protected":false},"excerpt":{"rendered":"<p>Le Minist\u00e8re des Finances , du Budget et de la Planification Economique porte \u00e0 la connaissance de l&#8217;opinion nationale et<\/p>\n","protected":false},"author":1,"featured_media":487,"comment_status":"closed","ping_status":"closed","sticky":false,"template":"","format":"standard","meta":[],"categories":[12],"tags":[],"post_folder":[],"_links":{"self":[{"href":"https:\/\/finances.gov.bi\/index.php\/wp-json\/wp\/v2\/posts\/850"}],"collection":[{"href":"https:\/\/finances.gov.bi\/index.php\/wp-json\/wp\/v2\/posts"}],"about":[{"href":"https:\/\/finances.gov.bi\/index.php\/wp-json\/wp\/v2\/types\/post"}],"author":[{"embeddable":true,"href":"https:\/\/finances.gov.bi\/index.php\/wp-json\/wp\/v2\/users\/1"}],"replies":[{"embeddable":true,"href":"https:\/\/finances.gov.bi\/index.php\/wp-json\/wp\/v2\/comments?post=850"}],"version-history":[{"count":1,"href":"https:\/\/finances.gov.bi\/index.php\/wp-json\/wp\/v2\/posts\/850\/revisions"}],"predecessor-version":[{"id":853,"href":"https:\/\/finances.gov.bi\/index.php\/wp-json\/wp\/v2\/posts\/850\/revisions\/853"}],"wp:featuredmedia":[{"embeddable":true,"href":"https:\/\/finances.gov.bi\/index.php\/wp-json\/wp\/v2\/media\/487"}],"wp:attachment":[{"href":"https:\/\/finances.gov.bi\/index.php\/wp-json\/wp\/v2\/media?parent=850"}],"wp:term":[{"taxonomy":"category","embeddable":true,"href":"https:\/\/finances.gov.bi\/index.php\/wp-json\/wp\/v2\/categories?post=850"},{"taxonomy":"post_tag","embeddable":true,"href":"https:\/\/finances.gov.bi\/index.php\/wp-json\/wp\/v2\/tags?post=850"},{"taxonomy":"post_folder","embeddable":true,"href":"https:\/\/finances.gov.bi\/index.php\/wp-json\/wp\/v2\/post_folder?post=850"}],"curies":[{"name":"wp","href":"https:\/\/api.w.org\/{rel}","templated":true}]}}