{"id":892,"date":"2021-03-31T10:04:00","date_gmt":"2021-03-31T08:04:00","guid":{"rendered":"http:\/\/finances.gov.bi\/?p=892"},"modified":"2021-04-05T13:30:33","modified_gmt":"2021-04-05T11:30:33","slug":"visite-a-la-rn-16-lot-1-bururi-gakuba-34-72km","status":"publish","type":"post","link":"https:\/\/finances.gov.bi\/index.php\/2021\/03\/31\/visite-a-la-rn-16-lot-1-bururi-gakuba-34-72km\/","title":{"rendered":"Visite \u00e0 la RN 16, lot 1 BURURI-GAKUBA (34.72km)"},"content":{"rendered":"\n<p>Le 30 mars 2021, le Ministre des Finances, du Budget et de la Planification Economique a particip\u00e9 \u00e0 une descente \u00e0 la RN16, effectu\u00e9e par Son Excellence Monsieur le Premier Ministre de la R\u00e9publique.<\/p>\n\n\n\n<p>L\u2019objectif de cette descente \u00e9tait de s\u2019enqu\u00e9rir de l\u2019\u00e9tat d\u2019avancement des travaux d\u2019am\u00e9nagement et de bitumage de cette route en cours depuis le 16\/12\/2019. Cofinanc\u00e9s par le Gouvernement de la R\u00e9publique du Burundi, la BADEA, le FSD et l\u2019OFID, ces travaux sont \u00e0 30 pourcent d\u2019ex\u00e9cution et le d\u00e9lais consomm\u00e9 est de 60 pourcent.<\/p>\n\n\n\n<p>Le Chef de Mission de contr\u00f4le a fait savoir que ces travaux ont connu un certain retard d\u00fb en grande partie \u00e0 la pand\u00e9mie du Covid-19 mais que l\u2019entreprise chinoise(CFHEC) en charge de ces travaux de construction envisage de mettre en place des m\u00e9canismes de rattraper ce retard pour que le d\u00e9lai imparti soit respect\u00e9.<\/p>\n\n\n\n<p>Son Excellence Monsieur le Premier Ministre a formul\u00e9 quelques recommandations \u00e0 savoir&nbsp;:<\/p>\n\n\n\n<ul><li>R\u00e9aliser les travaux d\u2019am\u00e9nagement et de bitumage de la RN16, tron\u00e7on BURURI-GAKUBA dans le d\u00e9lai imparti\u00a0;<\/li><li>Planifier les modalit\u00e9s de rattraper les retards observ\u00e9s dans l\u2019ex\u00e9cution des travaux et transmettre cette planification \u00e0 la Primature de la R\u00e9publique d\u2019ici une semaine\u00a0;<\/li><li>Miser sur la durabilit\u00e9 et la soutenabilit\u00e9 de cette infrastructure\u00a0;<\/li><li>Prendre en compte les normes standards de protection de l\u2019environnement\u00a0;<\/li><li>Une bonne collaboration entre l\u2019Entreprise, la Maison de surveillance, l\u2019A.R.B\u00a0; et<\/li><li>S\u2019assurer que toute la population des localit\u00e9s du site d\u2019ex\u00e9cution de ces travaux soit indemnis\u00e9e.<\/li><\/ul>\n\n\n\n<figure class=\"wp-block-image size-large is-resized\"><img fetchpriority=\"high\" decoding=\"async\" src=\"https:\/\/finances.gov.bi\/wp-content\/uploads\/2021\/04\/IMG-20210331-WA0027.jpg\" alt=\"\" class=\"wp-image-893\" width=\"1035\" height=\"689\" srcset=\"https:\/\/finances.gov.bi\/wp-content\/uploads\/2021\/04\/IMG-20210331-WA0027.jpg 1024w, https:\/\/finances.gov.bi\/wp-content\/uploads\/2021\/04\/IMG-20210331-WA0027-300x200.jpg 300w, https:\/\/finances.gov.bi\/wp-content\/uploads\/2021\/04\/IMG-20210331-WA0027-768x512.jpg 768w\" sizes=\"(max-width: 1035px) 100vw, 1035px\" \/><\/figure>\n","protected":false},"excerpt":{"rendered":"<p>Le 30 mars 2021, le Ministre des Finances, du Budget et de la Planification Economique a particip\u00e9 \u00e0 une descente<\/p>\n","protected":false},"author":1,"featured_media":894,"comment_status":"closed","ping_status":"closed","sticky":false,"template":"","format":"standard","meta":[],"categories":[2],"tags":[],"post_folder":[],"_links":{"self":[{"href":"https:\/\/finances.gov.bi\/index.php\/wp-json\/wp\/v2\/posts\/892"}],"collection":[{"href":"https:\/\/finances.gov.bi\/index.php\/wp-json\/wp\/v2\/posts"}],"about":[{"href":"https:\/\/finances.gov.bi\/index.php\/wp-json\/wp\/v2\/types\/post"}],"author":[{"embeddable":true,"href":"https:\/\/finances.gov.bi\/index.php\/wp-json\/wp\/v2\/users\/1"}],"replies":[{"embeddable":true,"href":"https:\/\/finances.gov.bi\/index.php\/wp-json\/wp\/v2\/comments?post=892"}],"version-history":[{"count":3,"href":"https:\/\/finances.gov.bi\/index.php\/wp-json\/wp\/v2\/posts\/892\/revisions"}],"predecessor-version":[{"id":900,"href":"https:\/\/finances.gov.bi\/index.php\/wp-json\/wp\/v2\/posts\/892\/revisions\/900"}],"wp:featuredmedia":[{"embeddable":true,"href":"https:\/\/finances.gov.bi\/index.php\/wp-json\/wp\/v2\/media\/894"}],"wp:attachment":[{"href":"https:\/\/finances.gov.bi\/index.php\/wp-json\/wp\/v2\/media?parent=892"}],"wp:term":[{"taxonomy":"category","embeddable":true,"href":"https:\/\/finances.gov.bi\/index.php\/wp-json\/wp\/v2\/categories?post=892"},{"taxonomy":"post_tag","embeddable":true,"href":"https:\/\/finances.gov.bi\/index.php\/wp-json\/wp\/v2\/tags?post=892"},{"taxonomy":"post_folder","embeddable":true,"href":"https:\/\/finances.gov.bi\/index.php\/wp-json\/wp\/v2\/post_folder?post=892"}],"curies":[{"name":"wp","href":"https:\/\/api.w.org\/{rel}","templated":true}]}}