{"id":897,"date":"2021-04-02T11:47:00","date_gmt":"2021-04-02T09:47:00","guid":{"rendered":"http:\/\/finances.gov.bi\/?p=897"},"modified":"2021-04-05T11:49:21","modified_gmt":"2021-04-05T09:49:21","slug":"reunion-du-groupe-consultatif-africain-le-01-04-2021","status":"publish","type":"post","link":"https:\/\/finances.gov.bi\/index.php\/2021\/04\/02\/reunion-du-groupe-consultatif-africain-le-01-04-2021\/","title":{"rendered":"R\u00e9union du Groupe Consultatif africain ; le 01\/04\/2021"},"content":{"rendered":"\n<p>Le Gouverneur Dr. Domitien NDIHOKUBWAYO, Ministre Burundais des Finances, du Budget et de la Planification Economique, et Monsieur David MALPASS, Pr\u00e9sident du Groupe de la Banque Mondiale ainsi que Madame Kristalina Georgieva, Directrice G\u00e9n\u00e9rale du FMI ont copr\u00e9sid\u00e9 la r\u00e9union du groupe consultatif africain 2021 qui s\u2019est tenue virtuellement le 1\/4\/2021.<\/p>\n\n\n\n<p>Dans son discours d\u2019ouverture, le Pr\u00e9sident de la r\u00e9union Dr. Domitien NDIHOKUBWAYO a indiqu\u00e9 que le programme pour l\u2019emploi et la transformation \u00e9conomique reste la pierre angulaire d\u2019une reprise r\u00e9siliente et durable, et que le GBM et le FMI sont des partenaires essentiels \u00e0 cet \u00e9gard&nbsp;; les investissements dans le secteur priv\u00e9 et la cr\u00e9ation des march\u00e9s, notamment la mise en \u0153uvre de l\u2019Accord de libre-\u00e9change continentale africaine. L\u2019Afrique, plus que la plupart des r\u00e9gions, a besoin des r\u00e9formes transformatrices et que d\u2019apr\u00e8s les perspectives \u00e9conomiques r\u00e9gionales, les revenus par habitant en Afrique Subsaharienne devraient s\u2019\u00e9carter sensiblement de ceux du reste du monde au cours des cinq prochaines ann\u00e9es, principalement en raison de la baisse et de stagnation des revenus par habitant dans nos \u00e9conomies d\u00e9pendantes des ressources. L\u2019Afrique aura besoin d\u2019u soutien multilat\u00e9ral dans son parcours de transformation. Quant aux Gouverneurs, ils doivent rester d\u00e9termin\u00e9s \u00e0 am\u00e9liorer la mobilisation des ressources int\u00e9rieures, en tirant parti des solutions num\u00e9riques pour \u00e9largir encore notre marge de man\u0153uvre budg\u00e9taire et mieux r\u00e9pondre aux besoins en mati\u00e8re de d\u00e9veloppement et de d\u00e9penses sociales.<\/p>\n\n\n\n<p>Par cons\u00e9quent, une s\u00e9rie des interventions a fait objet de cette r\u00e9union autour des th\u00e8mes particuliers \u00e0 savoir :<\/p>\n\n\n\n<ul><li>Le renforcement de l\u2019aide ext\u00e9rieure et l\u2019efficacit\u00e9 de l\u2019aide pendant la pand\u00e9mie&nbsp;;<\/li><li>Les politiques macro-budg\u00e9taires et la gouvernance, le renforcement des march\u00e9s, le secteur priv\u00e9 et l\u2019emploi&nbsp;;<\/li><li>Le renforcement de la repr\u00e9sentation et de la participation de l\u2019Afrique ainsi que la diversit\u00e9 au sein du GBM&nbsp;;<\/li><li>L\u2019intensification de la prestation de services dans les secteurs de la sant\u00e9, de l\u2019\u00e9ducation, de l\u2019eau et de la protection sociale.<\/li><\/ul>\n\n\n\n<p>Au Pr\u00e9sident de conclure: \u2019\u2019Nous devons tous tirer parti de la pand\u00e9mie du COVID 19 mais regarder vers l\u2019avant pour la reprise et la r\u00e9silience. \u2019\u2019<\/p>\n","protected":false},"excerpt":{"rendered":"<p>Le Gouverneur Dr. Domitien NDIHOKUBWAYO, Ministre Burundais des Finances, du Budget et de la Planification Economique, et Monsieur David MALPASS,<\/p>\n","protected":false},"author":1,"featured_media":898,"comment_status":"closed","ping_status":"closed","sticky":false,"template":"","format":"standard","meta":[],"categories":[2],"tags":[],"post_folder":[],"_links":{"self":[{"href":"https:\/\/finances.gov.bi\/index.php\/wp-json\/wp\/v2\/posts\/897"}],"collection":[{"href":"https:\/\/finances.gov.bi\/index.php\/wp-json\/wp\/v2\/posts"}],"about":[{"href":"https:\/\/finances.gov.bi\/index.php\/wp-json\/wp\/v2\/types\/post"}],"author":[{"embeddable":true,"href":"https:\/\/finances.gov.bi\/index.php\/wp-json\/wp\/v2\/users\/1"}],"replies":[{"embeddable":true,"href":"https:\/\/finances.gov.bi\/index.php\/wp-json\/wp\/v2\/comments?post=897"}],"version-history":[{"count":1,"href":"https:\/\/finances.gov.bi\/index.php\/wp-json\/wp\/v2\/posts\/897\/revisions"}],"predecessor-version":[{"id":899,"href":"https:\/\/finances.gov.bi\/index.php\/wp-json\/wp\/v2\/posts\/897\/revisions\/899"}],"wp:featuredmedia":[{"embeddable":true,"href":"https:\/\/finances.gov.bi\/index.php\/wp-json\/wp\/v2\/media\/898"}],"wp:attachment":[{"href":"https:\/\/finances.gov.bi\/index.php\/wp-json\/wp\/v2\/media?parent=897"}],"wp:term":[{"taxonomy":"category","embeddable":true,"href":"https:\/\/finances.gov.bi\/index.php\/wp-json\/wp\/v2\/categories?post=897"},{"taxonomy":"post_tag","embeddable":true,"href":"https:\/\/finances.gov.bi\/index.php\/wp-json\/wp\/v2\/tags?post=897"},{"taxonomy":"post_folder","embeddable":true,"href":"https:\/\/finances.gov.bi\/index.php\/wp-json\/wp\/v2\/post_folder?post=897"}],"curies":[{"name":"wp","href":"https:\/\/api.w.org\/{rel}","templated":true}]}}