{"id":902,"date":"2021-04-02T08:35:00","date_gmt":"2021-04-02T06:35:00","guid":{"rendered":"http:\/\/finances.gov.bi\/?p=902"},"modified":"2021-04-07T08:36:39","modified_gmt":"2021-04-07T06:36:39","slug":"reunion-a-lendroit-des-coordonnateurs-des-projets-finances-par-la-banque-mondiale","status":"publish","type":"post","link":"https:\/\/finances.gov.bi\/index.php\/2021\/04\/02\/reunion-a-lendroit-des-coordonnateurs-des-projets-finances-par-la-banque-mondiale\/","title":{"rendered":"R\u00e9union \u00e0 l\u2019endroit des coordonnateurs des projets finances par la Banque Mondiale."},"content":{"rendered":"\n<p>Son Excellence Monsieur le Ministre des Finances du Budget et de la Planification Economique a tenu une r\u00e9union \u00e0 l\u2019endroit des coordonnateurs des projets financ\u00e9s par la Banque Mondiale au Burundi ce jeudi, le 01 avril 2021. L\u2019objectif de cette r\u00e9union \u00e9tait de s\u2019en rendre compte et d\u2019analyser l\u2019\u00e9tat d\u2019avancement de ces projets.<\/p>\n\n\n\n<p>La Banque Mondiale finance &nbsp;des projets dont les activit\u00e9s contribuent \u00e0 la&nbsp; relance de la croissance \u00e9conomique, la r\u00e9duction du &nbsp;taux de pauvret\u00e9, le renforcement des capacit\u00e9s, am\u00e9lioration de l\u2019inclusion sociale notamment dans les secteurs d\u2019agriculture, de d\u00e9veloppement communautaire, de l\u2019\u00e9ducation, d\u2019\u00e9lectricit\u00e9, de la sant\u00e9, du transport, etc.<\/p>\n\n\n\n<p>Par ailleurs, parmi les 14 projets financ\u00e9s par la Banque Mondiale, quatre (4)&nbsp; projets ont \u00e9t\u00e9 class\u00e9 \u00e0 risque avec un taux de&nbsp; 25 % du portefeuille. Il s\u2019agit du projet de Renforcement des Capacit\u00e9s Institutionnelles pour l\u2019Efficacit\u00e9 Gouvernementale(PRCIEG) ,le Projet de D\u00e9veloppement Local pour l\u2019Emploi (PDLE), le Projet d\u2019Appui \u00e0 l\u2019Am\u00e9lioration de la Productivit\u00e9 et de la Comp\u00e9titivit\u00e9 du Secteur Caf\u00e9 au Burundi (PACSC) et le Projet Hydro\u00e9lectrique Jiji Mulembwe. &nbsp;<\/p>\n\n\n\n<p>Par ailleurs, les diff\u00e9rentes raisons du faible taux de d\u00e9caissement&nbsp; avanc\u00e9es par les coordonnateurs de ces quatre projets \u00e9taient notamment (i)les probl\u00e8mes de gestion, (ii)les d\u00e9penses in\u00e9ligibles, (iii)changement du cadrage institutionnel du projet qui cause l\u2019arr\u00eat de certaines composantes, (iv)Probl\u00e8me d\u2019acc\u00e9der aux donn\u00e9es qui provoque la &nbsp;non atteinte des objectifs,(v) le niveau de financement des diff\u00e9rentes composantes du projet sur lesquelles l\u2019ex\u00e9cution d\u00e9bute pour prendre l\u2019\u00e9lan proprement dit, (vi)le probl\u00e8me au niveau du suivi des indicateurs&nbsp; par les structures b\u00e9n\u00e9ficiaires.<\/p>\n\n\n\n<p>Son Excellence Monsieur le Ministre des finances a recommand\u00e9 aux coordonnateurs de ces projets de produire une note qui d\u00e9montre clairement la situation de chaque projet, les probl\u00e8mes&nbsp; rencontr\u00e9s &nbsp;et de proposer les pistes de solution pour ces derniers, \u00e0 &nbsp;faire la planification des activit\u00e9s tout en montrant clairement leur cheminement y compris une annexe des engagements et d\u00e9caissements.<\/p>\n\n\n\n<p>Il a \u00e9t\u00e9 \u00e9galement indiqu\u00e9 que ces derniers doivent informer le Minist\u00e8re ayant les finances dans ses attributions \u00e0 propos de&nbsp; tout d\u00e9fi et de toute demande des non objections.<\/p>\n","protected":false},"excerpt":{"rendered":"<p>Son Excellence Monsieur le Ministre des Finances du Budget et de la Planification Economique a tenu une r\u00e9union \u00e0 l\u2019endroit<\/p>\n","protected":false},"author":1,"featured_media":903,"comment_status":"closed","ping_status":"closed","sticky":false,"template":"","format":"standard","meta":[],"categories":[2],"tags":[],"post_folder":[],"_links":{"self":[{"href":"https:\/\/finances.gov.bi\/index.php\/wp-json\/wp\/v2\/posts\/902"}],"collection":[{"href":"https:\/\/finances.gov.bi\/index.php\/wp-json\/wp\/v2\/posts"}],"about":[{"href":"https:\/\/finances.gov.bi\/index.php\/wp-json\/wp\/v2\/types\/post"}],"author":[{"embeddable":true,"href":"https:\/\/finances.gov.bi\/index.php\/wp-json\/wp\/v2\/users\/1"}],"replies":[{"embeddable":true,"href":"https:\/\/finances.gov.bi\/index.php\/wp-json\/wp\/v2\/comments?post=902"}],"version-history":[{"count":1,"href":"https:\/\/finances.gov.bi\/index.php\/wp-json\/wp\/v2\/posts\/902\/revisions"}],"predecessor-version":[{"id":904,"href":"https:\/\/finances.gov.bi\/index.php\/wp-json\/wp\/v2\/posts\/902\/revisions\/904"}],"wp:featuredmedia":[{"embeddable":true,"href":"https:\/\/finances.gov.bi\/index.php\/wp-json\/wp\/v2\/media\/903"}],"wp:attachment":[{"href":"https:\/\/finances.gov.bi\/index.php\/wp-json\/wp\/v2\/media?parent=902"}],"wp:term":[{"taxonomy":"category","embeddable":true,"href":"https:\/\/finances.gov.bi\/index.php\/wp-json\/wp\/v2\/categories?post=902"},{"taxonomy":"post_tag","embeddable":true,"href":"https:\/\/finances.gov.bi\/index.php\/wp-json\/wp\/v2\/tags?post=902"},{"taxonomy":"post_folder","embeddable":true,"href":"https:\/\/finances.gov.bi\/index.php\/wp-json\/wp\/v2\/post_folder?post=902"}],"curies":[{"name":"wp","href":"https:\/\/api.w.org\/{rel}","templated":true}]}}