{"id":908,"date":"2021-04-09T08:53:00","date_gmt":"2021-04-09T06:53:00","guid":{"rendered":"http:\/\/finances.gov.bi\/?p=908"},"modified":"2021-04-12T08:54:00","modified_gmt":"2021-04-12T06:54:00","slug":"reunions-annuelles-de-printemps-2021-vingt-unieme-reunion-de-la-circonscription-du-groupe-afrique-1","status":"publish","type":"post","link":"https:\/\/finances.gov.bi\/index.php\/2021\/04\/09\/reunions-annuelles-de-printemps-2021-vingt-unieme-reunion-de-la-circonscription-du-groupe-afrique-1\/","title":{"rendered":"R\u00e9unions Annuelles de printemps 2021 : Vingt-Uni\u00e8me R\u00e9union de la Circonscription du Groupe Afrique 1."},"content":{"rendered":"\n<p>Le jeudi 8 avril 2021, Son excellence Monsieur le Ministre des Finances, du Budget et de la Planification Economique a particip\u00e9 \u00e0 la Vingt-uni\u00e8me r\u00e9union statutaire de la Circonscription du Groupe Afrique 1, tenue virtuellement dans le cadre des r\u00e9unions annuelles de printemps organis\u00e9es conjointement par la Banque Mondiale et le Fonds Mon\u00e9taire International.<\/p>\n\n\n\n<p>Avec un ordre du jour ax\u00e9 sur l\u2019approbation du proc\u00e8s-verbal de la r\u00e9union tenue le 17 octobre 2019 \u00e0 Washington et des questions connexes et de la pr\u00e9sentation du rapport annuel 2020, pour cette ann\u00e9e ladite r\u00e9union \u00e9tait un panel de dialogue sur le th\u00e8me de cette ann\u00e9e qu\u2019est <strong><em>les mesures permettant de faire face \u00e0 la pand\u00e9mie de Covid-19 dans les pays caract\u00e9ris\u00e9s par une vaste \u00e9conomie informelle<\/em><\/strong>.<\/p>\n","protected":false},"excerpt":{"rendered":"<p>Le jeudi 8 avril 2021, Son excellence Monsieur le Ministre des Finances, du Budget et de la Planification Economique a<\/p>\n","protected":false},"author":1,"featured_media":910,"comment_status":"closed","ping_status":"closed","sticky":false,"template":"","format":"standard","meta":[],"categories":[2],"tags":[],"post_folder":[],"_links":{"self":[{"href":"https:\/\/finances.gov.bi\/index.php\/wp-json\/wp\/v2\/posts\/908"}],"collection":[{"href":"https:\/\/finances.gov.bi\/index.php\/wp-json\/wp\/v2\/posts"}],"about":[{"href":"https:\/\/finances.gov.bi\/index.php\/wp-json\/wp\/v2\/types\/post"}],"author":[{"embeddable":true,"href":"https:\/\/finances.gov.bi\/index.php\/wp-json\/wp\/v2\/users\/1"}],"replies":[{"embeddable":true,"href":"https:\/\/finances.gov.bi\/index.php\/wp-json\/wp\/v2\/comments?post=908"}],"version-history":[{"count":1,"href":"https:\/\/finances.gov.bi\/index.php\/wp-json\/wp\/v2\/posts\/908\/revisions"}],"predecessor-version":[{"id":909,"href":"https:\/\/finances.gov.bi\/index.php\/wp-json\/wp\/v2\/posts\/908\/revisions\/909"}],"wp:featuredmedia":[{"embeddable":true,"href":"https:\/\/finances.gov.bi\/index.php\/wp-json\/wp\/v2\/media\/910"}],"wp:attachment":[{"href":"https:\/\/finances.gov.bi\/index.php\/wp-json\/wp\/v2\/media?parent=908"}],"wp:term":[{"taxonomy":"category","embeddable":true,"href":"https:\/\/finances.gov.bi\/index.php\/wp-json\/wp\/v2\/categories?post=908"},{"taxonomy":"post_tag","embeddable":true,"href":"https:\/\/finances.gov.bi\/index.php\/wp-json\/wp\/v2\/tags?post=908"},{"taxonomy":"post_folder","embeddable":true,"href":"https:\/\/finances.gov.bi\/index.php\/wp-json\/wp\/v2\/post_folder?post=908"}],"curies":[{"name":"wp","href":"https:\/\/api.w.org\/{rel}","templated":true}]}}