{"id":911,"date":"2021-04-09T08:56:00","date_gmt":"2021-04-09T06:56:00","guid":{"rendered":"http:\/\/finances.gov.bi\/?p=911"},"modified":"2021-04-12T08:56:53","modified_gmt":"2021-04-12T06:56:53","slug":"reunions-annuelles-de-printemps-2021-entretien-virtuel-avec-le-vice-president-de-la-banque-mondiale-region-afrique","status":"publish","type":"post","link":"https:\/\/finances.gov.bi\/index.php\/2021\/04\/09\/reunions-annuelles-de-printemps-2021-entretien-virtuel-avec-le-vice-president-de-la-banque-mondiale-region-afrique\/","title":{"rendered":"R\u00e9unions Annuelles de printemps 2021 : Entretien virtuel avec le Vice-Pr\u00e9sident de la Banque Mondiale-R\u00e9gion Afrique."},"content":{"rendered":"\n<p>Dans le cadre des r\u00e9unions annuelles de printemps, organis\u00e9es conjointement par la &nbsp;&nbsp;Banque Mondiale et le FMI, Son Excellence Monsieur le Ministre des Finances, du Budget et de la Planification Economique s\u2019est entretenu virtuellement avec le Vice-Pr\u00e9sident de la Banque Mondiale-R\u00e9gion Afrique, le jeudi 8 avril 2021.<\/p>\n\n\n\n<p>Dans son mot d\u2019ouverture, le Ministre a indiqu\u00e9 que le Gouvernement du Burundi salue la solide coop\u00e9ration entre le Burundi et laBanque Mondiale qui est une Institution-s\u0153ur au FMI en ce qui est de la coop\u00e9ration internationale pour le d\u00e9veloppement socio-\u00e9conomique et la pr\u00e9servation de la stabilit\u00e9 du syst\u00e8me mon\u00e9taire et financier international.<\/p>\n\n\n\n<p>\u2019\u2019Dans cette ligne d\u2019id\u00e9es, le Gouvernement du Burundi r\u00e9it\u00e8re ses remerciements \u00e0 la Banque Mondiale pour la ferme volont\u00e9 de renforcer la coop\u00e9ration en permettant au Burundi d\u2019acc\u00e9der aux diff\u00e9rent instruments d\u2019appui \u00e0 restauration et \u00e0 la pr\u00e9servation de la stabilit\u00e9 macro\u00e9conomique et d\u2019une croissance soutenue et inclusive. La mobilisation des ressources n\u00e9cessaires \u00e0 la r\u00e9alisation des objectifs fix\u00e9s par le Gouvernement dans le court, moyen et long terme passera n\u00e9cessairement par une coop\u00e9ration renforc\u00e9e avec les partenaires-cl\u00e9s du Gouvernement Burundais, <strong>laborieux et responsable<\/strong> \u0153uvrant pour le d\u00e9veloppement harmonieux de l\u2019\u00e9conomie nationale\u2019\u2019, le Ministre a-il-conclu.<\/p>\n","protected":false},"excerpt":{"rendered":"<p>Dans le cadre des r\u00e9unions annuelles de printemps, organis\u00e9es conjointement par la &nbsp;&nbsp;Banque Mondiale et le FMI, Son Excellence Monsieur<\/p>\n","protected":false},"author":1,"featured_media":913,"comment_status":"closed","ping_status":"closed","sticky":false,"template":"","format":"standard","meta":[],"categories":[2],"tags":[],"post_folder":[],"_links":{"self":[{"href":"https:\/\/finances.gov.bi\/index.php\/wp-json\/wp\/v2\/posts\/911"}],"collection":[{"href":"https:\/\/finances.gov.bi\/index.php\/wp-json\/wp\/v2\/posts"}],"about":[{"href":"https:\/\/finances.gov.bi\/index.php\/wp-json\/wp\/v2\/types\/post"}],"author":[{"embeddable":true,"href":"https:\/\/finances.gov.bi\/index.php\/wp-json\/wp\/v2\/users\/1"}],"replies":[{"embeddable":true,"href":"https:\/\/finances.gov.bi\/index.php\/wp-json\/wp\/v2\/comments?post=911"}],"version-history":[{"count":1,"href":"https:\/\/finances.gov.bi\/index.php\/wp-json\/wp\/v2\/posts\/911\/revisions"}],"predecessor-version":[{"id":912,"href":"https:\/\/finances.gov.bi\/index.php\/wp-json\/wp\/v2\/posts\/911\/revisions\/912"}],"wp:featuredmedia":[{"embeddable":true,"href":"https:\/\/finances.gov.bi\/index.php\/wp-json\/wp\/v2\/media\/913"}],"wp:attachment":[{"href":"https:\/\/finances.gov.bi\/index.php\/wp-json\/wp\/v2\/media?parent=911"}],"wp:term":[{"taxonomy":"category","embeddable":true,"href":"https:\/\/finances.gov.bi\/index.php\/wp-json\/wp\/v2\/categories?post=911"},{"taxonomy":"post_tag","embeddable":true,"href":"https:\/\/finances.gov.bi\/index.php\/wp-json\/wp\/v2\/tags?post=911"},{"taxonomy":"post_folder","embeddable":true,"href":"https:\/\/finances.gov.bi\/index.php\/wp-json\/wp\/v2\/post_folder?post=911"}],"curies":[{"name":"wp","href":"https:\/\/api.w.org\/{rel}","templated":true}]}}