{"id":930,"date":"2021-04-21T11:51:26","date_gmt":"2021-04-21T09:51:26","guid":{"rendered":"http:\/\/finances.gov.bi\/?p=930"},"modified":"2021-04-21T11:52:13","modified_gmt":"2021-04-21T09:52:13","slug":"conference-a-l-occasion-du-lancement-officiel-de-la-campagne-de-sensibilisation-de-la-population-burundaise-sur-les-assurances-et-la-vulgarisation-du-code-des-assurances-revise","status":"publish","type":"post","link":"https:\/\/finances.gov.bi\/index.php\/2021\/04\/21\/conference-a-l-occasion-du-lancement-officiel-de-la-campagne-de-sensibilisation-de-la-population-burundaise-sur-les-assurances-et-la-vulgarisation-du-code-des-assurances-revise\/","title":{"rendered":"Conf\u00e9rence \u00e0 l\u2019 occasion du lancement officiel de la campagne de sensibilisation de la population Burundaise sur les assurances et la vulgarisation du code des assurances r\u00e9vis\u00e9."},"content":{"rendered":"\n<p><strong>En compagnie de l\u2019Honorable Joseph BUTORE, Secr\u00e9taire G\u00e9n\u00e9ral de l\u2019ARCA et du vice-pr\u00e9sident de la Commission de supervision et de R\u00e9gulation des Assurances, son Excellence Monsieur le Ministre en charge des Finances a \u00e9galement pris part \u00e0 une conf\u00e9rence de Presse. Cette derni\u00e8re a \u00e9t\u00e9 anim\u00e9e \u00e0 l\u2019occasion du lancement officiel de la Campagne de sensibilisation de la population burundaise sur les Assurances et la vulgarisation du Code des Assurances r\u00e9vis\u00e9.<\/strong><\/p>\n\n\n\n<p>Cette Campagne sera une opportunit\u00e9&nbsp;:<\/p>\n\n\n\n<p>1\u00b0)&nbsp; d\u2019informer le public&nbsp; sur la situation du secteur des Assurances,<\/p>\n\n\n\n<p>2\u00b0)\u00a0 de sensibiliser la population burundaise sur les grandes innovations du Code des Assurances r\u00e9vis\u00e9 qui r\u00e9git le secteur des Assurances au Burundi,<\/p>\n\n\n\n<p>3\u00b0) de faire connaitre l\u2019ARCA, charg\u00e9 de la supervision et de la r\u00e9gulation du secteur des Assurances son r\u00f4le, les missions que le Gouvernement du Burundi lui a assign\u00e9es, ses grandes r\u00e9alisations depuis sa cr\u00e9ation, les contraintes et d\u00e9fis auxquels l\u2019ARCA fait face ainsi que ses perspectives d\u2019avenir.<\/p>\n","protected":false},"excerpt":{"rendered":"<p>En compagnie de l\u2019Honorable Joseph BUTORE, Secr\u00e9taire G\u00e9n\u00e9ral de l\u2019ARCA et du vice-pr\u00e9sident de la Commission de supervision et de<\/p>\n","protected":false},"author":1,"featured_media":932,"comment_status":"closed","ping_status":"closed","sticky":false,"template":"","format":"standard","meta":[],"categories":[2],"tags":[],"post_folder":[],"_links":{"self":[{"href":"https:\/\/finances.gov.bi\/index.php\/wp-json\/wp\/v2\/posts\/930"}],"collection":[{"href":"https:\/\/finances.gov.bi\/index.php\/wp-json\/wp\/v2\/posts"}],"about":[{"href":"https:\/\/finances.gov.bi\/index.php\/wp-json\/wp\/v2\/types\/post"}],"author":[{"embeddable":true,"href":"https:\/\/finances.gov.bi\/index.php\/wp-json\/wp\/v2\/users\/1"}],"replies":[{"embeddable":true,"href":"https:\/\/finances.gov.bi\/index.php\/wp-json\/wp\/v2\/comments?post=930"}],"version-history":[{"count":1,"href":"https:\/\/finances.gov.bi\/index.php\/wp-json\/wp\/v2\/posts\/930\/revisions"}],"predecessor-version":[{"id":931,"href":"https:\/\/finances.gov.bi\/index.php\/wp-json\/wp\/v2\/posts\/930\/revisions\/931"}],"wp:featuredmedia":[{"embeddable":true,"href":"https:\/\/finances.gov.bi\/index.php\/wp-json\/wp\/v2\/media\/932"}],"wp:attachment":[{"href":"https:\/\/finances.gov.bi\/index.php\/wp-json\/wp\/v2\/media?parent=930"}],"wp:term":[{"taxonomy":"category","embeddable":true,"href":"https:\/\/finances.gov.bi\/index.php\/wp-json\/wp\/v2\/categories?post=930"},{"taxonomy":"post_tag","embeddable":true,"href":"https:\/\/finances.gov.bi\/index.php\/wp-json\/wp\/v2\/tags?post=930"},{"taxonomy":"post_folder","embeddable":true,"href":"https:\/\/finances.gov.bi\/index.php\/wp-json\/wp\/v2\/post_folder?post=930"}],"curies":[{"name":"wp","href":"https:\/\/api.w.org\/{rel}","templated":true}]}}